{"id":2035,"date":"2023-10-06T15:31:45","date_gmt":"2023-10-06T13:31:45","guid":{"rendered":"https:\/\/pasaenmendoza.com\/?p=2035"},"modified":"2023-10-06T15:31:46","modified_gmt":"2023-10-06T13:31:46","slug":"viernes-calido-y-soleado-se-espera-un-fin-de-semana-bien-primaveral","status":"publish","type":"post","link":"https:\/\/pasaenmendoza.com\/?p=2035","title":{"rendered":"Viernes c\u00e1lido y soleado: se espera un fin de semana bien primaveral"},"content":{"rendered":"\n<p>Este viernes, el pron\u00f3stico para Mendoza indica<strong>\u00a0leve descenso de temperatura respecto a ayer, y cielo algo nublado.<\/strong><\/p>\n\n\n\n<p>Seg\u00fan el\u00a0<strong>Servicio Meteorol\u00f3gico\u00a0Nacional<\/strong>, este martes la temperatura m\u00e1xima llegar\u00e1 a los<strong>\u00a024\u00b0,<\/strong>\u00a0con viento del sureste, aunque no producir\u00e1 un cambio en la temperatura. .<\/p>\n\n\n\n<p>La humedad relativa del ambiente se mantiene cercana al&nbsp;3<strong>0%<\/strong>.<\/p>\n\n\n\n<p>Para ma\u00f1ana s\u00e1bado, se prev\u00e9 cielo despejado y poco cambio de temperatura.<\/p>\n\n\n\n<p>En tanto que para el domingo, la temperatura m\u00e1xima podr\u00eda llegar a los\u00a0<strong>27\u00b0.<\/strong>\u00a0Ser\u00e1\u00a0<strong>un fin de semana soleado y c\u00e1lido.\u00a0<\/strong><\/p>\n\n\n\n<p><strong>Fuente: www.mendozapost.com<\/strong><\/p>\n","protected":false},"excerpt":{"rendered":"<p>Este viernes, el pron\u00f3stico para Mendoza indica\u00a0leve descenso de temperatura respecto a ayer, y cielo algo nublado. Seg\u00fan el\u00a0Servicio Meteorol\u00f3gico\u00a0Nacional, este martes la temperatura m\u00e1xima llegar\u00e1 a los\u00a024\u00b0,\u00a0con viento del sureste, aunque no producir\u00e1 un cambio en la temperatura. . La humedad relativa del ambiente se mantiene cercana al&nbsp;30%. Para ma\u00f1ana s\u00e1bado, se prev\u00e9 cielo [&hellip;]<\/p>\n","protected":false},"author":2,"featured_media":2036,"comment_status":"open","ping_status":"open","sticky":false,"template":"","format":"standard","meta":[],"categories":[52],"tags":[],"_links":{"self":[{"href":"https:\/\/pasaenmendoza.com\/index.php?rest_route=\/wp\/v2\/posts\/2035"}],"collection":[{"href":"https:\/\/pasaenmendoza.com\/index.php?rest_route=\/wp\/v2\/posts"}],"about":[{"href":"https:\/\/pasaenmendoza.com\/index.php?rest_route=\/wp\/v2\/types\/post"}],"author":[{"embeddable":true,"href":"https:\/\/pasaenmendoza.com\/index.php?rest_route=\/wp\/v2\/users\/2"}],"replies":[{"embeddable":true,"href":"https:\/\/pasaenmendoza.com\/index.php?rest_route=%2Fwp%2Fv2%2Fcomments&post=2035"}],"version-history":[{"count":1,"href":"https:\/\/pasaenmendoza.com\/index.php?rest_route=\/wp\/v2\/posts\/2035\/revisions"}],"predecessor-version":[{"id":2037,"href":"https:\/\/pasaenmendoza.com\/index.php?rest_route=\/wp\/v2\/posts\/2035\/revisions\/2037"}],"wp:featuredmedia":[{"embeddable":true,"href":"https:\/\/pasaenmendoza.com\/index.php?rest_route=\/wp\/v2\/media\/2036"}],"wp:attachment":[{"href":"https:\/\/pasaenmendoza.com\/index.php?rest_route=%2Fwp%2Fv2%2Fmedia&parent=2035"}],"wp:term":[{"taxonomy":"category","embeddable":true,"href":"https:\/\/pasaenmendoza.com\/index.php?rest_route=%2Fwp%2Fv2%2Fcategories&post=2035"},{"taxonomy":"post_tag","embeddable":true,"href":"https:\/\/pasaenmendoza.com\/index.php?rest_route=%2Fwp%2Fv2%2Ftags&post=2035"}],"curies":[{"name":"wp","href":"https:\/\/api.w.org\/{rel}","templated":true}]}}