{"id":2038,"date":"2023-10-06T15:37:44","date_gmt":"2023-10-06T13:37:44","guid":{"rendered":"https:\/\/pasaenmendoza.com\/?p=2038"},"modified":"2023-10-06T15:37:45","modified_gmt":"2023-10-06T13:37:45","slug":"un-motociclista-murio-tras-ser-embestido-por-una-camioneta","status":"publish","type":"post","link":"https:\/\/pasaenmendoza.com\/?p=2038","title":{"rendered":"Un motociclista muri\u00f3 tras ser embestido por una camioneta"},"content":{"rendered":"\n<p>El conductor de una\u00a0<strong>moto<\/strong>\u00a0falleci\u00f3 la ma\u00f1ana de este viernes luego de chocar con una\u00a0<strong>camioneta\u00a0<\/strong>en\u00a0<strong>Lavalle<\/strong>.<\/p>\n\n\n\n<p>La v\u00edctima fue identificada como Gast\u00f3n Pivetta, de 45 a\u00f1os, quien iba a bordo de una Yamaha Virag y muri\u00f3 como consecuencia del impacto.<\/p>\n\n\n\n<p>El hecho ocurri\u00f3 a las 7.54, cuando la camioneta Ford F100 circulaba por RP 24 hacia el Sur y al girar hacia el este por calle Viejo Vergel impact\u00f3 con la moto que transitaba por la misma ruta, hacia el Norte.<\/p>\n\n\n\n<p>El motociclista qued\u00f3 tendido sobre el asfalto sin signos vitales.<\/p>\n\n\n\n<p><strong>Fuente: www.elsol.com.ar<\/strong><\/p>\n","protected":false},"excerpt":{"rendered":"<p>El conductor de una\u00a0moto\u00a0falleci\u00f3 la ma\u00f1ana de este viernes luego de chocar con una\u00a0camioneta\u00a0en\u00a0Lavalle. La v\u00edctima fue identificada como Gast\u00f3n Pivetta, de 45 a\u00f1os, quien iba a bordo de una Yamaha Virag y muri\u00f3 como consecuencia del impacto. El hecho ocurri\u00f3 a las 7.54, cuando la camioneta Ford F100 circulaba por RP 24 hacia el [&hellip;]<\/p>\n","protected":false},"author":2,"featured_media":2039,"comment_status":"open","ping_status":"open","sticky":false,"template":"","format":"standard","meta":[],"categories":[48],"tags":[],"_links":{"self":[{"href":"https:\/\/pasaenmendoza.com\/index.php?rest_route=\/wp\/v2\/posts\/2038"}],"collection":[{"href":"https:\/\/pasaenmendoza.com\/index.php?rest_route=\/wp\/v2\/posts"}],"about":[{"href":"https:\/\/pasaenmendoza.com\/index.php?rest_route=\/wp\/v2\/types\/post"}],"author":[{"embeddable":true,"href":"https:\/\/pasaenmendoza.com\/index.php?rest_route=\/wp\/v2\/users\/2"}],"replies":[{"embeddable":true,"href":"https:\/\/pasaenmendoza.com\/index.php?rest_route=%2Fwp%2Fv2%2Fcomments&post=2038"}],"version-history":[{"count":1,"href":"https:\/\/pasaenmendoza.com\/index.php?rest_route=\/wp\/v2\/posts\/2038\/revisions"}],"predecessor-version":[{"id":2040,"href":"https:\/\/pasaenmendoza.com\/index.php?rest_route=\/wp\/v2\/posts\/2038\/revisions\/2040"}],"wp:featuredmedia":[{"embeddable":true,"href":"https:\/\/pasaenmendoza.com\/index.php?rest_route=\/wp\/v2\/media\/2039"}],"wp:attachment":[{"href":"https:\/\/pasaenmendoza.com\/index.php?rest_route=%2Fwp%2Fv2%2Fmedia&parent=2038"}],"wp:term":[{"taxonomy":"category","embeddable":true,"href":"https:\/\/pasaenmendoza.com\/index.php?rest_route=%2Fwp%2Fv2%2Fcategories&post=2038"},{"taxonomy":"post_tag","embeddable":true,"href":"https:\/\/pasaenmendoza.com\/index.php?rest_route=%2Fwp%2Fv2%2Ftags&post=2038"}],"curies":[{"name":"wp","href":"https:\/\/api.w.org\/{rel}","templated":true}]}}