{"id":2053,"date":"2023-10-09T14:11:03","date_gmt":"2023-10-09T12:11:03","guid":{"rendered":"https:\/\/pasaenmendoza.com\/?p=2053"},"modified":"2023-10-09T14:11:04","modified_gmt":"2023-10-09T12:11:04","slug":"cornejo-aseguro-que-bullrich-fue-muy-superior-al-resto","status":"publish","type":"post","link":"https:\/\/pasaenmendoza.com\/?p=2053","title":{"rendered":"Cornejo asegur\u00f3 que Bullrich fue &#8220;muy superior al resto&#8221;"},"content":{"rendered":"\n<p>El\u00a0segundo debate de candidatos presidenciales\u00a0se desarroll\u00f3 de la Universidad de Buenos Aires (UBA) con la participaci\u00f3n de\u00a0Javier Milei\u00a0(La Libertad Avanza),\u00a0Patricia Bullrich, (Juntos por el Cambio)\u00a0Sergio Massa\u00a0(Uni\u00f3n por la Patria),\u00a0Juan Schiaretti\u00a0(Hacemos por Nuestro Pa\u00eds) y\u00a0Myriam Bregman\u00a0(Frente de Izquierda).<\/p>\n\n\n\n<p>Si bien los aspirantes a la Presidencia de la Naci\u00f3n no se sacaron ventajas, tres referentes de los principales candidatos &#8211; Milei, Massa y Bullrich- consultados por\u00a0<em><strong>Noticias Argentinas<\/strong><\/em>\u00a0realizaron un balance del desempe\u00f1o de cada uno durante ambos encuentros (el primero fue la semana pasada en Santiago del Estero).<\/p>\n\n\n\n<p>El gobernador electo de Mendoza,\u00a0Alfredo Cornejo, asegur\u00f3 que Bullrich fue\u00a0<strong>&#8220;muy superior al resto&#8221;\u00a0<\/strong>y agreg\u00f3: &#8220;Creo que ha ganado categ\u00f3ricamente. Ha ganado el debate. En seguridad, fundamentalmente, pero tambi\u00e9n en trabajo y producci\u00f3n y trajo los temas de la coyuntura&#8230;De la corrupci\u00f3n, de (Mart\u00edn) Insaurralde, incomod\u00f3 a Milei&#8221;. .<\/p>\n\n\n\n<p>NA le pregunt\u00f3 al senador y referente de la Uni\u00f3n C\u00edvica Radical sobre el desempe\u00f1o de Bullrich en comparaci\u00f3n a su actuaci\u00f3n en Santiago del Estero y dijo: &#8220;Mucho mejor, mucho mejor&#8221;.<\/p>\n\n\n\n<p>El secretario de Desarrollo Productivo,\u00a0<strong>Jos\u00e9 Ignacio De Mendiguren<\/strong>, indic\u00f3 que el &#8220;balance es positivo&#8221; y continu\u00f3: &#8220;Hoy hab\u00eda unas personas&#8230;Donde muchos gritaban, contaban los problemas que Argentina ten\u00eda y no planteaban las soluciones&#8221;.<\/p>\n\n\n\n<p>&#8220;Despu\u00e9s, por otro lado, estaba\u00a0Sergio Massa, que ya se encarg\u00f3 de una situaci\u00f3n dif\u00edcil. Hoy a la Argentina le faltan 21.000 millones de d\u00f3lares por la sequ\u00eda. Nadie habl\u00f3 de eso, ni Milei dijo qu\u00e9 iba a hacer, ni Patricia Bullrich.. Sin embargo, Sergio propone&#8221;, resalt\u00f3.<\/p>\n\n\n\n<p>Ante la consulta de NA sobre c\u00f3mo sali\u00f3 Massa de ambos debates, de Mendiguren argument\u00f3: &#8220;Sale como una persona responsable, haci\u00e9ndose cargo de una Argentina con dificultades. Es el \u00fanico dirigente que hoy demostr\u00f3, y lo demostr\u00f3 en su gesti\u00f3n, que es capaz de acordar, que es capaz de llegar a entendimientos&#8221;.<\/p>\n\n\n\n<p>Por otra parte, una voz importante en La Libertad Avanza, que prefiri\u00f3 no dar su nombre, analiz\u00f3 el desempe\u00f1o de Milei anoche en la UBA: &#8220;Muy bueno, quiz\u00e1s la mejor parte fue cuando Javier desnud\u00f3 el acuerdo por la SIRA. Estuvo s\u00f3lido&#8221;.<\/p>\n\n\n\n<p>El referente de LLA lo vio igual que en territorio santiague\u00f1o y reflexion\u00f3: &#8220;No se perdi\u00f3. Creo que se gan\u00f3. Tuvo un buen debate, arriesgaba mucho y, en los dos debates, la verdad que result\u00f3 positivo&#8221;.<\/p>\n\n\n\n<p>FUENTE: mendozapost.<\/p>\n","protected":false},"excerpt":{"rendered":"<p>El\u00a0segundo debate de candidatos presidenciales\u00a0se desarroll\u00f3 de la Universidad de Buenos Aires (UBA) con la participaci\u00f3n de\u00a0Javier Milei\u00a0(La Libertad Avanza),\u00a0Patricia Bullrich, (Juntos por el Cambio)\u00a0Sergio Massa\u00a0(Uni\u00f3n por la Patria),\u00a0Juan Schiaretti\u00a0(Hacemos por Nuestro Pa\u00eds) y\u00a0Myriam Bregman\u00a0(Frente de Izquierda). Si bien los aspirantes a la Presidencia de la Naci\u00f3n no se sacaron ventajas, tres referentes de los [&hellip;]<\/p>\n","protected":false},"author":2,"featured_media":2054,"comment_status":"open","ping_status":"open","sticky":true,"template":"","format":"standard","meta":[],"categories":[47],"tags":[],"_links":{"self":[{"href":"https:\/\/pasaenmendoza.com\/index.php?rest_route=\/wp\/v2\/posts\/2053"}],"collection":[{"href":"https:\/\/pasaenmendoza.com\/index.php?rest_route=\/wp\/v2\/posts"}],"about":[{"href":"https:\/\/pasaenmendoza.com\/index.php?rest_route=\/wp\/v2\/types\/post"}],"author":[{"embeddable":true,"href":"https:\/\/pasaenmendoza.com\/index.php?rest_route=\/wp\/v2\/users\/2"}],"replies":[{"embeddable":true,"href":"https:\/\/pasaenmendoza.com\/index.php?rest_route=%2Fwp%2Fv2%2Fcomments&post=2053"}],"version-history":[{"count":1,"href":"https:\/\/pasaenmendoza.com\/index.php?rest_route=\/wp\/v2\/posts\/2053\/revisions"}],"predecessor-version":[{"id":2055,"href":"https:\/\/pasaenmendoza.com\/index.php?rest_route=\/wp\/v2\/posts\/2053\/revisions\/2055"}],"wp:featuredmedia":[{"embeddable":true,"href":"https:\/\/pasaenmendoza.com\/index.php?rest_route=\/wp\/v2\/media\/2054"}],"wp:attachment":[{"href":"https:\/\/pasaenmendoza.com\/index.php?rest_route=%2Fwp%2Fv2%2Fmedia&parent=2053"}],"wp:term":[{"taxonomy":"category","embeddable":true,"href":"https:\/\/pasaenmendoza.com\/index.php?rest_route=%2Fwp%2Fv2%2Fcategories&post=2053"},{"taxonomy":"post_tag","embeddable":true,"href":"https:\/\/pasaenmendoza.com\/index.php?rest_route=%2Fwp%2Fv2%2Ftags&post=2053"}],"curies":[{"name":"wp","href":"https:\/\/api.w.org\/{rel}","templated":true}]}}