{"id":2056,"date":"2023-10-09T14:15:12","date_gmt":"2023-10-09T12:15:12","guid":{"rendered":"https:\/\/pasaenmendoza.com\/?p=2056"},"modified":"2023-10-09T14:15:13","modified_gmt":"2023-10-09T12:15:13","slug":"quien-es-el-coronel-r-que-llega-a-mendoza-a-pedir-el-voto-para-bullrich","status":"publish","type":"post","link":"https:\/\/pasaenmendoza.com\/?p=2056","title":{"rendered":"Qui\u00e9n es el Coronel (R) que llega a Mendoza a pedir el voto para Bullrich"},"content":{"rendered":"\n<p>Mientras se despliegan referentes de Uni\u00f3n por la Patria, como el propio Sergio Massa o el ministro Gabriel Katopodis, Juntos por el Cambio realiza diversas acciones, con Petri presente y una agenda novedosa que trae a Miguel Pichetto y a Marcelo Rozas Garay.<\/p>\n\n\n\n<p>El pr\u00f3ximo 16 de octubre habr\u00e1 alguna de las pocas visitas nacionales que llegar\u00e1n a Mendoza para respaldar a la f\u00f3rmula integrada por Patricia Bullrich y Luis Petri. Es que justamente la presencia de Petri aqu\u00ed con mayor asiduidad y el triunfo de Alfredo Cornejo, hacen considerar que tiene las espaldas bajo resguardo. Sin embargo no se puede olvidar que eso mismo pasaba en las PASO, cuando Javier Milei sac\u00f3 m\u00e1s cantidad de votos. No les gan\u00f3, porque no compiti\u00f3 contra Juntos por el Cambio, pero se impuso con fuerza inusitada.<\/p>\n\n\n\n<p>Ahora llegar\u00e1 un militar en retiro efectivo que lleg\u00f3 al grado de Coronel que se llama Marcelo Rozas Garay y es el coordinador del equipo de Defensa Nacional de Juntos por el Cambio. Es adem\u00e1s&nbsp;Licenciado en Estrategia y Organizaci\u00f3n, especialista en materia de Defensa Nacional y Operaciones de Paz de la ONU, docente e investigador internacional en temas de Defensa, Protecci\u00f3n Civil y Gesti\u00f3n de Riesgos.&nbsp;<\/p>\n\n\n\n<p>Junto a Miguel \u00c1ngel Pichetto hablar\u00e1n con la dirigencia y la prensa en la sede de la Fundaci\u00f3n Mendocinos por el Futuro, en calle Mart\u00ednez de Rozas de la Ciudad de Mendoza.<\/p>\n\n\n\n<p>Rozas Garay trae un tema que ha ocupado poco en la agenda y mucho menos en los debates, ya que es profundo: \u00bfqu\u00e9 piensan hacer con las fuerzas armadas en un pr\u00f3ximo gobierno, distinto y mejor a lo que se ha hecho hasta ahora?<\/p>\n\n\n\n<p>La llegada de Rozas Garay y Pichetto es alentada desde el principista partido de Bullrich, Uni\u00f3n por Todos Mendoza, a instancias de Carlos Storelli y que llevan a una bullrichista de la primera hora en las listas de diputados nacionales que lidera Lisandro Nieri: Hebe V\u00e1zquez Viera.<\/p>\n\n\n\n<p>Rozas Garay fue subsecretario de Gesti\u00f3n del Riesgo de Desastres del MInisterio de Seguridad de la Naci\u00f3n cuando Bullrich fue ministra de Mauricio Macri y se empez\u00f3 a perfilar como candidata presidencial. Uno de sus principales liderazgos para por la discusi\u00f3n de lo que llama como &#8220;un nuevo Sistema de Defensa Nacional&#8221;.<\/p>\n\n\n\n<p>En cuanto a Pichetto, ya lo conocemos y estuvo en Mendoza hace un tiempo, y en las PASO respald\u00f3 a Horacio Rodr\u00edguez Larreta. R\u00e1pidamente se cuadr\u00f3 tras la ganadora y es autor de un proyecto que tambi\u00e9n caz\u00f3 en el aire Bullrich: la construcci\u00f3n de una c\u00e1rcel de alt\u00edsima seguridad y aislada, para combatir los delitos m\u00e1s graves. La candidata presidencial le puso su condimento, el nombre. Dijo que se llamar\u00e1 &#8220;Unidad Penal Cristina Fern\u00e1ndez de Kirchner&#8221;.<\/p>\n\n\n\n<p>FUENTE: memo.com.ar<\/p>\n","protected":false},"excerpt":{"rendered":"<p>Mientras se despliegan referentes de Uni\u00f3n por la Patria, como el propio Sergio Massa o el ministro Gabriel Katopodis, Juntos por el Cambio realiza diversas acciones, con Petri presente y una agenda novedosa que trae a Miguel Pichetto y a Marcelo Rozas Garay. El pr\u00f3ximo 16 de octubre habr\u00e1 alguna de las pocas visitas nacionales [&hellip;]<\/p>\n","protected":false},"author":2,"featured_media":2057,"comment_status":"open","ping_status":"open","sticky":true,"template":"","format":"standard","meta":[],"categories":[59],"tags":[],"_links":{"self":[{"href":"https:\/\/pasaenmendoza.com\/index.php?rest_route=\/wp\/v2\/posts\/2056"}],"collection":[{"href":"https:\/\/pasaenmendoza.com\/index.php?rest_route=\/wp\/v2\/posts"}],"about":[{"href":"https:\/\/pasaenmendoza.com\/index.php?rest_route=\/wp\/v2\/types\/post"}],"author":[{"embeddable":true,"href":"https:\/\/pasaenmendoza.com\/index.php?rest_route=\/wp\/v2\/users\/2"}],"replies":[{"embeddable":true,"href":"https:\/\/pasaenmendoza.com\/index.php?rest_route=%2Fwp%2Fv2%2Fcomments&post=2056"}],"version-history":[{"count":1,"href":"https:\/\/pasaenmendoza.com\/index.php?rest_route=\/wp\/v2\/posts\/2056\/revisions"}],"predecessor-version":[{"id":2058,"href":"https:\/\/pasaenmendoza.com\/index.php?rest_route=\/wp\/v2\/posts\/2056\/revisions\/2058"}],"wp:featuredmedia":[{"embeddable":true,"href":"https:\/\/pasaenmendoza.com\/index.php?rest_route=\/wp\/v2\/media\/2057"}],"wp:attachment":[{"href":"https:\/\/pasaenmendoza.com\/index.php?rest_route=%2Fwp%2Fv2%2Fmedia&parent=2056"}],"wp:term":[{"taxonomy":"category","embeddable":true,"href":"https:\/\/pasaenmendoza.com\/index.php?rest_route=%2Fwp%2Fv2%2Fcategories&post=2056"},{"taxonomy":"post_tag","embeddable":true,"href":"https:\/\/pasaenmendoza.com\/index.php?rest_route=%2Fwp%2Fv2%2Ftags&post=2056"}],"curies":[{"name":"wp","href":"https:\/\/api.w.org\/{rel}","templated":true}]}}