{"id":2089,"date":"2023-10-10T13:53:25","date_gmt":"2023-10-10T11:53:25","guid":{"rendered":"https:\/\/pasaenmendoza.com\/?p=2089"},"modified":"2023-10-10T13:53:26","modified_gmt":"2023-10-10T11:53:26","slug":"apuran-la-expropiacion-de-tierras-para-la-construccion-de-pata-mora","status":"publish","type":"post","link":"https:\/\/pasaenmendoza.com\/?p=2089","title":{"rendered":"Apuran la expropiaci\u00f3n de tierras para la construcci\u00f3n de Pata Mora"},"content":{"rendered":"\n<p>El&nbsp;<strong>Gobierno&nbsp;<\/strong>acelera en la expropiaci\u00f3n de los terrenos que se necesitan para la construcci\u00f3n del parque industrial y de servicios de&nbsp;<strong>Pata Mora<\/strong>, en&nbsp;<strong>Malarg\u00fce<\/strong>.&nbsp;<mark>Lo hizo a trav\u00e9s de un decreto publicado en el Bolet\u00edn Oficial este martes y lleva la firma del gobernador Rodolfo Suarez y el ministro de Energ\u00eda y Econom\u00eda Enrique Vaqui\u00e9.<\/mark><\/p>\n\n\n\n<p>La normativa modifica el decreto original de expropiaci\u00f3n d\u00e1ndole el car\u00e1cter de urgente.<\/p>\n\n\n\n<p><em>\u201cModif\u00edquese la parte dispositiva del Decreto N\u00ba 1272\/22 por los motivos expuestos en los considerandos del presente decreto, la que quedar\u00e1 redactada de la siguiente manera: \u2018Art\u00edculo 1\u00ba \u2013 Decl\u00e1rese la expropiaci\u00f3n de urgencia, en los t\u00e9rminos del Decreto Ley N\u00b0 1447\/75, del inmueble, parte de mayor extensi\u00f3n, denominado Pata Mora, ubicado en el Distrito R\u00edo Barrancas, Departamento Malarg\u00fce\u2026&#8217;\u201d<\/em>, explica el texto.<\/p>\n\n\n\n<p><object data=\"https:\/\/newspack-elsol.s3.amazonaws.com\/wp-content\/uploads\/2023\/10\/pedido_222884_09102023.pdf\" type=\"application\/pdf\"><\/object><\/p>\n\n\n\n<p>Adem\u00e1s, se instruy\u00f3 a la Fiscal\u00eda de Estado para que promueva las acciones judiciales necesarias para \u201c<em>la obtenci\u00f3n de la disponibilidad inmediata<\/em>\u201c.<\/p>\n\n\n\n<p>En tanto, la suma indemnizatoria para los titulares del Campo Los Barriales S.R.L est\u00e1 pactada en 30.854.452 pesos y ser\u00e1 afrontada por los gastos del presupuesto actual.<\/p>\n\n\n\n<p>Pata Mora es considerado por el Ejecutivo como un punto clave para el desarrollo de los diferentes proyectos en el Sur provincial, principalmente la mina de\u00a0<strong>Potasio R\u00edo Colorado (PRC)<\/strong><\/p>\n\n\n\n<p>Fuente: elsol.com.ar<\/p>\n","protected":false},"excerpt":{"rendered":"<p>El&nbsp;Gobierno&nbsp;acelera en la expropiaci\u00f3n de los terrenos que se necesitan para la construcci\u00f3n del parque industrial y de servicios de&nbsp;Pata Mora, en&nbsp;Malarg\u00fce.&nbsp;Lo hizo a trav\u00e9s de un decreto publicado en el Bolet\u00edn Oficial este martes y lleva la firma del gobernador Rodolfo Suarez y el ministro de Energ\u00eda y Econom\u00eda Enrique Vaqui\u00e9. La normativa modifica [&hellip;]<\/p>\n","protected":false},"author":2,"featured_media":2090,"comment_status":"open","ping_status":"open","sticky":true,"template":"","format":"standard","meta":[],"categories":[47],"tags":[],"_links":{"self":[{"href":"https:\/\/pasaenmendoza.com\/index.php?rest_route=\/wp\/v2\/posts\/2089"}],"collection":[{"href":"https:\/\/pasaenmendoza.com\/index.php?rest_route=\/wp\/v2\/posts"}],"about":[{"href":"https:\/\/pasaenmendoza.com\/index.php?rest_route=\/wp\/v2\/types\/post"}],"author":[{"embeddable":true,"href":"https:\/\/pasaenmendoza.com\/index.php?rest_route=\/wp\/v2\/users\/2"}],"replies":[{"embeddable":true,"href":"https:\/\/pasaenmendoza.com\/index.php?rest_route=%2Fwp%2Fv2%2Fcomments&post=2089"}],"version-history":[{"count":1,"href":"https:\/\/pasaenmendoza.com\/index.php?rest_route=\/wp\/v2\/posts\/2089\/revisions"}],"predecessor-version":[{"id":2091,"href":"https:\/\/pasaenmendoza.com\/index.php?rest_route=\/wp\/v2\/posts\/2089\/revisions\/2091"}],"wp:featuredmedia":[{"embeddable":true,"href":"https:\/\/pasaenmendoza.com\/index.php?rest_route=\/wp\/v2\/media\/2090"}],"wp:attachment":[{"href":"https:\/\/pasaenmendoza.com\/index.php?rest_route=%2Fwp%2Fv2%2Fmedia&parent=2089"}],"wp:term":[{"taxonomy":"category","embeddable":true,"href":"https:\/\/pasaenmendoza.com\/index.php?rest_route=%2Fwp%2Fv2%2Fcategories&post=2089"},{"taxonomy":"post_tag","embeddable":true,"href":"https:\/\/pasaenmendoza.com\/index.php?rest_route=%2Fwp%2Fv2%2Ftags&post=2089"}],"curies":[{"name":"wp","href":"https:\/\/api.w.org\/{rel}","templated":true}]}}