{"id":2095,"date":"2023-10-10T14:12:07","date_gmt":"2023-10-10T12:12:07","guid":{"rendered":"https:\/\/pasaenmendoza.com\/?p=2095"},"modified":"2023-10-10T14:12:09","modified_gmt":"2023-10-10T12:12:09","slug":"katopodis-en-mendoza-obras-campana-y-los-cruces-con-juntos-por-el-cambio","status":"publish","type":"post","link":"https:\/\/pasaenmendoza.com\/?p=2095","title":{"rendered":"Katopodis en Mendoza: obras, campa\u00f1a y los cruces con Juntos por el Cambio"},"content":{"rendered":"\n<p>\u00a0Este lunes, el ministro\u00a0<strong>Gabriel Katopodis<\/strong>\u00a0recorri\u00f3 algunas obras en la provincia de Mendoza. Pas\u00f3 por los trabajos que se realizan en la doble v\u00eda que vincula Mendoza y San Juan y luego recorri\u00f3 los avances de la Variante Palmira sobre la Ruta 7.<\/p>\n\n\n\n<p><strong>&#8220;Ellos no van a dinamitar esta ruta, pero s\u00ed la van a parar&#8221;<\/strong>, se\u00f1al\u00f3 desde sus redes sociales. Mientras que ponder\u00f3 el trabajo hecho en esta obra que estuvo paralizada tras conflictos con la constructora. &#8220;Falta muy poco para terminarla y que la provincia tenga esta obra vial estrat\u00e9gica que le cambia la vida al Gran Mendoza&#8221;, asegur\u00f3.<\/p>\n\n\n\n<p>Tras esa recorrida, el ministro se mostr\u00f3\u00a0<strong>junto a referentes locales de peronismo e intendentes peronistas de toda la provincia<\/strong>\u00a0y atendi\u00f3 a la prensa en el local del PJ de Godoy Cruz a pocas cuadras del local del Colegio Farmac\u00e9utico, donde luego tendr\u00eda un evento junto a la militancia peronista. Cerca de 2000 personas se acercaron a escuchar al ministro y su mensaje a la militancia.<\/p>\n\n\n\n<p>Katopodis, Isgr\u00f3 y las obras<\/p>\n\n\n\n<p>En cuanto al desarrollo de obras durante su gesti\u00f3n,\u00a0<strong>el ministro asegur\u00f3 que &#8220;en estos cuatro a\u00f1os podemos decir que el nivel de obra p\u00fablica tra\u00edda a Mendoza fue extraordinario&#8221;<\/strong>. A contramano de la &#8220;discriminaci\u00f3n&#8221; denunciada por el gobierno provincial, Katopodis advirti\u00f3 que\u00a0<strong>&#8220;la inversi\u00f3n fue muy importante en rutas, en obras de saneamiento y en la infraestructura urbana de los municipios&#8221;<\/strong>.<\/p>\n\n\n\n<p>En ese marco, el ministro asegur\u00f3 que &#8220;la doble v\u00eda a San Juan en la Ruta 40 est\u00e1 a buen ritmo y estamos convencidos de que se van a cumplir todos los plazos. Mendoza va a tener un gran corredor vial para conectar con la provincia de San Juan&#8221;.<\/p>\n\n\n\n<p>Mientras que record\u00f3 los inconvenientes que hubo en torno a la Variante Palmira y se\u00f1al\u00f3 que &#8220;en el caso de la Variante Palmira es una obra que tomamos absolutamente paralizada, que tuvimos que reactivar y poner en marcha. Tambi\u00e9n la acabo de visitar, estamos tratando de acelerar el ritmo de obra y estamos en un 85% de su ejecuci\u00f3n. Que Mendoza tenga esta obra vial que le cambia la vida al Gran Mendoza&#8221;.<\/p>\n\n\n\n<p>En tanto que subray\u00f3 que &#8220;<strong>son m\u00e1s de 200 obras que estamos realizando en toda la provincia<\/strong>. Con mucha responsabilidad y con mucha seriedad para que a los vecinos de Mendoza, no importa el color pol\u00edtico, no importa a quien voten, les mejore la vida&#8221;.<\/p>\n\n\n\n<p>Consultado por el\u00a0<strong><em>Post<\/em><\/strong>, el ministro de infraestructura de Mendoza,\u00a0<strong>Mario Isgr\u00f3, se refiri\u00f3 a esa aseveraci\u00f3n y remarc\u00f3 que, pese a las diferencias pol\u00edticas, generaron un buen t\u00e1ndem de trabajo<\/strong>\u00a0con Naci\u00f3n, aunque tuvo sus cr\u00edticas a la cuesti\u00f3n macroecon\u00f3mica y lo que eso signific\u00f3 para Mendoza.<\/p>\n\n\n\n<p>&#8220;La mayor\u00eda est\u00e1n ralentizadas hace bastante tiempo&#8221;, remarc\u00f3 Mario Isgr\u00f3. En tanto que subray\u00f3 que &#8220;ser\u00eda oportuno dividirlas en tem\u00e1ticas&#8221;. Mientras que puntualiz\u00f3 que<strong>\u00a0la mayor\u00eda de las obras de las que se enorgullecen desde Naci\u00f3n fueron comenzadas por la gesti\u00f3n anterior<\/strong>.<\/p>\n\n\n\n<p>&#8220;Con respecto a la Ruta 40 camino a San Juan es una obra que se licit\u00f3 en la gesti\u00f3n anterior como as\u00ed tambi\u00e9n la variante Palmira, el t\u00fanel caracoles y la Ruta 7&#8221;, explic\u00f3. Y dijo que &#8220;<strong>esto habla bien de la gesti\u00f3n anterior que las dio a tener curso y a iniciarlas. Pero tambi\u00e9n de la actual que intent\u00f3 llevarlas adelante<\/strong>&#8220;.<\/p>\n\n\n\n<p>Mientras que asegur\u00f3 que la cuesti\u00f3n macroecon\u00f3mica ha sido fundamental. &#8220;<strong>Se hizo todo lo que se pudo. No se pudieron terminar y en algunos casos no se pudieron continuar<\/strong>&#8220;, puntualiz\u00f3 el funcionario mendocino.<\/p>\n\n\n\n<p>Por otro lado, Isgr\u00f3 asegur\u00f3 que &#8220;ha habido obras en la tem\u00e1tica de saneamiento. Algunas de ellas con financiamiento de organismos multilaterales que luego la provincia tiene que devolver&#8221;.<\/p>\n\n\n\n<p>Y resalt\u00f3 que<strong>&nbsp;la gran deuda del gobierno nacional ha sido la vivienda<\/strong>. Mientras desde Naci\u00f3n aseguran que se construyeron miles de viviendas, en Mendoza desmienten esto y resaltan el escaso desarrollo que hubo en ese aspecto.<\/p>\n\n\n\n<p>&#8220;En cuanto a viviendas es donde tenemos la mayor falencia. No es el ministerio de Katopodis precisamente (<em>NdE: esto corresponde al Ministerio de Desarrollo Territorial y H\u00e1bitat, cuyo ministro es Santiago Maggiotti<\/em>), pero&nbsp;<strong>dec\u00edan que en Mendoza se hab\u00edan ejecutado 6 mil viviendas y no tenemos m\u00e1s que 250 en ejecuci\u00f3n y se han entregado 24. Eso es constatable y es un resumen de lo que ha sido en general la inversi\u00f3n nacional<\/strong>&nbsp;en las obras relacionadas con este tema&#8221;, sentenci\u00f3.<\/p>\n\n\n\n<p>Horas atr\u00e1s, y mediante redes sociales, Isgr\u00f3 se hab\u00eda referido al mismo tema, ponderando la gesti\u00f3n mendocina en vivienda, y asegur\u00f3 que &#8220;desde\u00a0@MendozaGobierno\u00a0hemos trabajado muy bien el tema vivienda, articulando programas tradicionales y novedosos. Es trasladable al pa\u00eds. Con\u00a0@PatoBullrich\u00a0somos el cambio para siempre!\u00a0#PatoPresidente&#8221;<\/p>\n\n\n\n<p>En cuanto a su relaci\u00f3n con el ministro Katopodis, Isgr\u00f3 asegur\u00f3 que &#8220;<strong>debo destacar que con Katopodis tuvimos un buen intercambio de trabajo. Quiz\u00e1s por cuestiones de la pol\u00edtica en algunos casos y sobre todo de la inflaci\u00f3n no hemos podido materializar todas las obras<\/strong>&#8220;.<\/p>\n\n\n\n<p>En relaci\u00f3n a los dichos de Katopodis sobre la paralizaci\u00f3n de las obras en caso de que no gane Massa, Isgr\u00f3 asegur\u00f3 que &#8220;no creo que sea as\u00ed. Est\u00e1 a la vista que la mayor\u00eda de las obras vienen de la gesti\u00f3n anterior&#8221;.<\/p>\n\n\n\n<p>En tanto que subray\u00f3 que &#8220;en caso de ser Patricia Bullrich la presidenta, claramente esas obras van a tener continuidad como corresponde&#8221;.<\/p>\n\n\n\n<p>El sector productivo y los trabajadores<\/p>\n\n\n\n<p>El pasado 7 de septiembre, Sergio Massa anunci\u00f3 la eliminaci\u00f3n de retenciones a econom\u00edas regionales y esto incluy\u00f3 a los productos vitivin\u00edcolas de nuestra provincia. &#8220;Hemos sido muy claros en plantear que hay una prioridad: las econom\u00edas regionales tienen que poder desarrollarse y avanzar al mayor ritmo posible&#8221;, puntualiz\u00f3 Katopodis.<\/p>\n\n\n\n<p>&#8220;Sabemos que eso es riqueza, valor agregado, exportaciones y puestos de trabajo&#8221;, a\u00f1adi\u00f3. Mientras que sostuvo que &#8220;sabemos que tambi\u00e9n el salario y el ingreso de los mendocinos tenemos que apuntalarlo. Eso se hace con una econom\u00eda en marcha. Eso se hace con medidas que todos los d\u00edas puedan mejorar el nivel de ingreso&#8221;.<\/p>\n\n\n\n<p>En ese sentido, se\u00f1al\u00f3 que algunas medidas que fueron pensadas para el sector de los trabajadores pueden &#8220;ayudar&#8221; al desarrollo de la econom\u00eda local. &#8220;Eliminamos el Impuesto a las Ganancias, son miles de trabajadores que no van a pagar m\u00e1s eso. Son miles de recursos que se vuelcan a la econom\u00eda dom\u00e9stica&#8221;, explic\u00f3.<\/p>\n\n\n\n<p>&#8220;Hemos quitado tambi\u00e9n el IVA a los alimentos y vamos a seguir tomando medidas para seguir eliminando las retenciones a las econom\u00edas regionales como lo venimos haciendo&#8221;, explic\u00f3.<\/p>\n\n\n\n<p>Del &#8220;Gobierno de Unidad&#8221; a los cruces con la oposici\u00f3n<\/p>\n\n\n\n<p>Katopodis no evit\u00f3 hablar de un posible triunfo de Patricia Bullrich y dijo que &#8220;ya gobernaron la Argentina hace muy poquito. Los mendocinos saben lo que signific\u00f3, obras p\u00fablicas paralizadas, econom\u00edas regionales destruidas, festival de importaciones que castig\u00f3 al desarrollo industrial de nuestro pa\u00eds. Lo que ellos proponen ya lo aplicaron y sali\u00f3 mal&#8221;.<\/p>\n\n\n\n<p>Mientras Sergio Massa apunta a &#8220;un gobierno de unidad con \u2018los mejores&#8217; de cada espacio&#8221;,&nbsp;<strong>Katopodis asegura que se dar\u00e1 con personas y no con partidos<\/strong>, dando lugar a una b\u00fasqueda de generar internas en otros sectores. &#8220;Tenemos que construir un gobierno de unidad sin identidades partidarias, sin preguntarle a cada uno a qui\u00e9n vot\u00f3&#8221;, expres\u00f3.<\/p>\n\n\n\n<p>En tanto que se expres\u00f3 con respecto al supuesto&nbsp;<strong>voto bronca que impuls\u00f3 a Javier Milei&nbsp;<\/strong>en las PASO.&nbsp;<strong>&#8220;En la Argentina no hay un 30% de libertarios, pero cargados de cierto enojo votaron como votaron. El peronismo tiene que estar delante de esa bronca&#8221;<\/strong>, sintetiz\u00f3.<\/p>\n\n\n\n<p>El ministro asegur\u00f3 que el peronismo tiene que saber canalizar esa bronca. &#8220;A Mendoza le va a ir siempre mejor con un gobierno peronista. Quieren que les cuente yo c\u00f3mo estaban las obras p\u00fablicas en 2019 en Mendoza&#8221;, asegur\u00f3 criticando tambi\u00e9n a Juntos por el Cambio.<\/p>\n\n\n\n<p>Las elecciones que se vienen<\/p>\n\n\n\n<p>Gabriel Katopodis fue optimista en relaci\u00f3n a las elecciones de pr\u00f3ximo 22 de octubre y a<strong>segur\u00f3 que el peronismo estar\u00e1 en segunda vuelta<\/strong>. En ese marco, resalt\u00f3 lo hecho por Massa en el debate.<\/p>\n\n\n\n<p>&#8220;La gente est\u00e1 esperando propuestas. En el debate la gente estaba atenta a ver qui\u00e9nes explican y proponen las soluciones que tienen los problemas de nuestro pa\u00eds&#8221;, asegur\u00f3. Mientras que subray\u00f3 que &#8220;de los cinco candidatos hay uno que plante\u00f3 el c\u00f3mo y de qu\u00e9 manera se van a resolver esos problemas. Sergio Massa explico c\u00f3mo es el pa\u00eds que tiene en la cabeza para los pr\u00f3ximos 4 a\u00f1os&#8221;.<\/p>\n\n\n\n<p>&#8220;Estamos convencidos de que vamos a estar en el balotaje y ellos van a disputar el otro casillero. Proponen lo mismo, ofrecen m\u00e1s ajuste, m\u00e1s endeudamiento y m\u00e1s sacrificio&#8221;, expres\u00f3 el ministro.<\/p>\n\n\n\n<p>&#8220;Ya no vienen por el f\u00fatbol o para recortar alg\u00fan derecho, vienen para decirnos que la Argentina no puede ser pensada o so\u00f1ada en un proyecto de mayor\u00edas&#8221;, sentenci\u00f3 el ministro frente a la militancia.<\/p>\n\n\n\n<p>En tanto que sintetiz\u00f3 que l<strong>a discusi\u00f3n que se plantea el 22 de octubre es &#8220;si la Argentina se pone de pie, se desarrolla en una comunidad organizada o se viene el s\u00e1lvese quien pueda&#8221;<\/strong>.<\/p>\n\n\n\n<p>FUENTE: mendozapost.<\/p>\n","protected":false},"excerpt":{"rendered":"<p>\u00a0Este lunes, el ministro\u00a0Gabriel Katopodis\u00a0recorri\u00f3 algunas obras en la provincia de Mendoza. Pas\u00f3 por los trabajos que se realizan en la doble v\u00eda que vincula Mendoza y San Juan y luego recorri\u00f3 los avances de la Variante Palmira sobre la Ruta 7. &#8220;Ellos no van a dinamitar esta ruta, pero s\u00ed la van a parar&#8221;, [&hellip;]<\/p>\n","protected":false},"author":2,"featured_media":2096,"comment_status":"open","ping_status":"open","sticky":true,"template":"","format":"standard","meta":[],"categories":[47],"tags":[],"_links":{"self":[{"href":"https:\/\/pasaenmendoza.com\/index.php?rest_route=\/wp\/v2\/posts\/2095"}],"collection":[{"href":"https:\/\/pasaenmendoza.com\/index.php?rest_route=\/wp\/v2\/posts"}],"about":[{"href":"https:\/\/pasaenmendoza.com\/index.php?rest_route=\/wp\/v2\/types\/post"}],"author":[{"embeddable":true,"href":"https:\/\/pasaenmendoza.com\/index.php?rest_route=\/wp\/v2\/users\/2"}],"replies":[{"embeddable":true,"href":"https:\/\/pasaenmendoza.com\/index.php?rest_route=%2Fwp%2Fv2%2Fcomments&post=2095"}],"version-history":[{"count":1,"href":"https:\/\/pasaenmendoza.com\/index.php?rest_route=\/wp\/v2\/posts\/2095\/revisions"}],"predecessor-version":[{"id":2097,"href":"https:\/\/pasaenmendoza.com\/index.php?rest_route=\/wp\/v2\/posts\/2095\/revisions\/2097"}],"wp:featuredmedia":[{"embeddable":true,"href":"https:\/\/pasaenmendoza.com\/index.php?rest_route=\/wp\/v2\/media\/2096"}],"wp:attachment":[{"href":"https:\/\/pasaenmendoza.com\/index.php?rest_route=%2Fwp%2Fv2%2Fmedia&parent=2095"}],"wp:term":[{"taxonomy":"category","embeddable":true,"href":"https:\/\/pasaenmendoza.com\/index.php?rest_route=%2Fwp%2Fv2%2Fcategories&post=2095"},{"taxonomy":"post_tag","embeddable":true,"href":"https:\/\/pasaenmendoza.com\/index.php?rest_route=%2Fwp%2Fv2%2Ftags&post=2095"}],"curies":[{"name":"wp","href":"https:\/\/api.w.org\/{rel}","templated":true}]}}