{"id":2098,"date":"2023-10-10T14:30:17","date_gmt":"2023-10-10T12:30:17","guid":{"rendered":"https:\/\/pasaenmendoza.com\/?p=2098"},"modified":"2023-10-10T14:30:18","modified_gmt":"2023-10-10T12:30:18","slug":"este-martes-estara-caluroso-pero-manana-baja-la-temperatura","status":"publish","type":"post","link":"https:\/\/pasaenmendoza.com\/?p=2098","title":{"rendered":"Este martes estar\u00e1 caluroso, pero ma\u00f1ana baja la temperatura"},"content":{"rendered":"\n<p>\u00a0Este martes, el pron\u00f3stico indica<strong>\u00a0un d\u00eda caluroso aunque con viento del sureste, que marcar\u00e1 un importante descenso de temperatura ma\u00f1ana mi\u00e9rcoles.\u00a0<\/strong><\/p>\n\n\n\n<p>Seg\u00fan el\u00a0<strong>Servicio Meteorl\u00f3gico Nacional<\/strong>, este martes la temperatura m\u00e1xima llegar\u00e1 a los<strong>\u00a028\u00b0<\/strong>.<\/p>\n\n\n\n<p>El cielo se mantiene con pocas nubes y no hay pron\u00f3stico de lluvias para el resto de la semana.<\/p>\n\n\n\n<p>Para ma\u00f1ana mi\u00e9rcoles, el pron\u00f3stico indica cielo de algo a parcialmente nublado, ventoso por la ma\u00f1ana y con descenso de temperatura.<\/p>\n\n\n\n<p><strong>La m\u00e1xima pronosticada para ma\u00f1ana mi\u00e9rcoles es de 19\u00b0.<\/strong><\/p>\n\n\n\n<p><strong>Fuente: www.mendozapost.com<\/strong><\/p>\n","protected":false},"excerpt":{"rendered":"<p>\u00a0Este martes, el pron\u00f3stico indica\u00a0un d\u00eda caluroso aunque con viento del sureste, que marcar\u00e1 un importante descenso de temperatura ma\u00f1ana mi\u00e9rcoles.\u00a0 Seg\u00fan el\u00a0Servicio Meteorl\u00f3gico Nacional, este martes la temperatura m\u00e1xima llegar\u00e1 a los\u00a028\u00b0. El cielo se mantiene con pocas nubes y no hay pron\u00f3stico de lluvias para el resto de la semana. Para ma\u00f1ana mi\u00e9rcoles, [&hellip;]<\/p>\n","protected":false},"author":2,"featured_media":2099,"comment_status":"open","ping_status":"open","sticky":false,"template":"","format":"standard","meta":[],"categories":[52],"tags":[],"_links":{"self":[{"href":"https:\/\/pasaenmendoza.com\/index.php?rest_route=\/wp\/v2\/posts\/2098"}],"collection":[{"href":"https:\/\/pasaenmendoza.com\/index.php?rest_route=\/wp\/v2\/posts"}],"about":[{"href":"https:\/\/pasaenmendoza.com\/index.php?rest_route=\/wp\/v2\/types\/post"}],"author":[{"embeddable":true,"href":"https:\/\/pasaenmendoza.com\/index.php?rest_route=\/wp\/v2\/users\/2"}],"replies":[{"embeddable":true,"href":"https:\/\/pasaenmendoza.com\/index.php?rest_route=%2Fwp%2Fv2%2Fcomments&post=2098"}],"version-history":[{"count":1,"href":"https:\/\/pasaenmendoza.com\/index.php?rest_route=\/wp\/v2\/posts\/2098\/revisions"}],"predecessor-version":[{"id":2100,"href":"https:\/\/pasaenmendoza.com\/index.php?rest_route=\/wp\/v2\/posts\/2098\/revisions\/2100"}],"wp:featuredmedia":[{"embeddable":true,"href":"https:\/\/pasaenmendoza.com\/index.php?rest_route=\/wp\/v2\/media\/2099"}],"wp:attachment":[{"href":"https:\/\/pasaenmendoza.com\/index.php?rest_route=%2Fwp%2Fv2%2Fmedia&parent=2098"}],"wp:term":[{"taxonomy":"category","embeddable":true,"href":"https:\/\/pasaenmendoza.com\/index.php?rest_route=%2Fwp%2Fv2%2Fcategories&post=2098"},{"taxonomy":"post_tag","embeddable":true,"href":"https:\/\/pasaenmendoza.com\/index.php?rest_route=%2Fwp%2Fv2%2Ftags&post=2098"}],"curies":[{"name":"wp","href":"https:\/\/api.w.org\/{rel}","templated":true}]}}