{"id":2112,"date":"2023-10-10T15:10:11","date_gmt":"2023-10-10T13:10:11","guid":{"rendered":"https:\/\/pasaenmendoza.com\/?p=2112"},"modified":"2023-10-10T15:10:12","modified_gmt":"2023-10-10T13:10:12","slug":"dia-de-la-diversidad-cultural-es-feriado-o-dia-no-laborable","status":"publish","type":"post","link":"https:\/\/pasaenmendoza.com\/?p=2112","title":{"rendered":"D\u00eda de la Diversidad Cultural: \u00bfes feriado o d\u00eda no laborable?"},"content":{"rendered":"\n<p>Octubre ya arranc\u00f3 y en el\u00a0<strong>calendario<\/strong>\u00a0de\u00a0<strong>feriados<\/strong>\u00a0se viene el\u00a0<strong>D\u00eda de la Diversidad Cultural<\/strong>\u00a0este 12 de octubre, lo cual a pocos d\u00edas genera dudas en la gente si ese d\u00eda ser\u00e1 efectivamente feriado o una jornada no laborable.<\/p>\n\n\n\n<p>Sin embargo, algunos festejan que este\u00a013 y 16 de octubre\u00a0<strong>ser\u00e1n feriados<\/strong>\u00a0por lo que, los que puedan, podr\u00e1n tomarse un espectacular\u00a0<strong>fin de semana extra largo.<\/strong><\/p>\n\n\n\n<h4 class=\"wp-block-heading\"><strong>Por qu\u00e9 es feriado este 13 y 16 de octubre<\/strong><\/h4>\n\n\n\n<p>Seg\u00fan el calendario elaborado por el gobierno nacional,&nbsp;<strong>el pr\u00f3ximo feriado en el pa\u00eds ser\u00e1 este jueves 12 de octubre<\/strong>&nbsp;por recordarse el D\u00eda del Respeto a la Diversidad Cultural (el exD\u00eda de la Raza debido al Descubrimiento de Am\u00e9rica). Sin embargo,&nbsp;<strong>\u00e9ste se pasar\u00e1 al lunes 16 de octubr<\/strong>e.<\/p>\n\n\n\n<p>Adem\u00e1s&nbsp;<strong>se agrega el viernes 12 de octubre por fines tur\u00edsticos<\/strong>, lo que convertir\u00e1 al pr\u00f3ximo fin de semana en una extra largo de&nbsp;<strong>cuatro d\u00edas<\/strong>.<\/p>\n\n\n\n<p>Estos feriados de octubre har\u00e1n que este fin de semana sea\u00a0<strong>el \u00faltimo extra largo del a\u00f1o<\/strong>.<\/p>\n\n\n\n<p><strong>&#8220;D\u00eda del Respeto a la Diversidad Cultural&#8221;\u00a0<\/strong>es un feriado trasladable, siendo parte de los feriados nacionales cuyas fechas coincidan con los d\u00edas martes y mi\u00e9rcoles ser\u00e1n trasladados al d\u00eda lunes anterior. Los que coincidan con los d\u00edas jueves y viernes ser\u00e1n trasladados al d\u00eda lunes siguiente. Art. 6 de la\u00a0Ley 27.399.<\/p>\n\n\n\n<h4 class=\"wp-block-heading\"><strong>Feriados 2023: cu\u00e1les son los feriados inamovibles que quedan<\/strong><\/h4>\n\n\n\n<ul>\n<li>&nbsp;<strong>Lunes 20 de noviembre:<\/strong>&nbsp;D\u00eda de la Soberan\u00eda Nacional<\/li>\n\n\n\n<li><strong>Viernes 8 de diciembre:<\/strong>&nbsp;D\u00eda de la Inmaculada Concepci\u00f3n de Mar\u00eda<\/li>\n\n\n\n<li><strong>Lunes 25 de diciembre:<\/strong>&nbsp;Navidad<\/li>\n<\/ul>\n\n\n\n<h4 class=\"wp-block-heading\"><strong>Feriados 2023: feriados trasladables<\/strong><\/h4>\n\n\n\n<p>El&nbsp;<strong>12 de octubre<\/strong>&nbsp;(D\u00eda del Respeto a la Diversidad Cultural) que se celebrar\u00e1 el&nbsp;<strong>lunes 16 de octubre<\/strong>.<\/p>\n\n\n\n<p>Feriados 2023: el feriado con fines tur\u00edsticos que queda<\/p>\n\n\n\n<ul>\n<li><strong>Viernes 13 de octubre<\/strong>&nbsp;(fin de semana largo, de cuatro d\u00edas, por traslado del jueves 12 de octubre -D\u00eda del Respeto a la Diversidad Cultural- al lunes 16 de octubre.<\/li>\n<\/ul>\n\n\n\n<p>Feriados 2023: cu\u00e1l es el fin de semana extra largo que queda<\/p>\n\n\n\n<ul>\n<li><strong>Del viernes 13 al lunes 16 de octubre<\/strong><\/li>\n<\/ul>\n\n\n\n<p><strong>Fuente: www.diariouno.com.ar<\/strong><\/p>\n\n\n\n<ul>\n<li><\/li>\n<\/ul>\n","protected":false},"excerpt":{"rendered":"<p>Octubre ya arranc\u00f3 y en el\u00a0calendario\u00a0de\u00a0feriados\u00a0se viene el\u00a0D\u00eda de la Diversidad Cultural\u00a0este 12 de octubre, lo cual a pocos d\u00edas genera dudas en la gente si ese d\u00eda ser\u00e1 efectivamente feriado o una jornada no laborable. Sin embargo, algunos festejan que este\u00a013 y 16 de octubre\u00a0ser\u00e1n feriados\u00a0por lo que, los que puedan, podr\u00e1n tomarse un [&hellip;]<\/p>\n","protected":false},"author":2,"featured_media":2113,"comment_status":"open","ping_status":"open","sticky":false,"template":"","format":"standard","meta":[],"categories":[50],"tags":[],"_links":{"self":[{"href":"https:\/\/pasaenmendoza.com\/index.php?rest_route=\/wp\/v2\/posts\/2112"}],"collection":[{"href":"https:\/\/pasaenmendoza.com\/index.php?rest_route=\/wp\/v2\/posts"}],"about":[{"href":"https:\/\/pasaenmendoza.com\/index.php?rest_route=\/wp\/v2\/types\/post"}],"author":[{"embeddable":true,"href":"https:\/\/pasaenmendoza.com\/index.php?rest_route=\/wp\/v2\/users\/2"}],"replies":[{"embeddable":true,"href":"https:\/\/pasaenmendoza.com\/index.php?rest_route=%2Fwp%2Fv2%2Fcomments&post=2112"}],"version-history":[{"count":1,"href":"https:\/\/pasaenmendoza.com\/index.php?rest_route=\/wp\/v2\/posts\/2112\/revisions"}],"predecessor-version":[{"id":2114,"href":"https:\/\/pasaenmendoza.com\/index.php?rest_route=\/wp\/v2\/posts\/2112\/revisions\/2114"}],"wp:featuredmedia":[{"embeddable":true,"href":"https:\/\/pasaenmendoza.com\/index.php?rest_route=\/wp\/v2\/media\/2113"}],"wp:attachment":[{"href":"https:\/\/pasaenmendoza.com\/index.php?rest_route=%2Fwp%2Fv2%2Fmedia&parent=2112"}],"wp:term":[{"taxonomy":"category","embeddable":true,"href":"https:\/\/pasaenmendoza.com\/index.php?rest_route=%2Fwp%2Fv2%2Fcategories&post=2112"},{"taxonomy":"post_tag","embeddable":true,"href":"https:\/\/pasaenmendoza.com\/index.php?rest_route=%2Fwp%2Fv2%2Ftags&post=2112"}],"curies":[{"name":"wp","href":"https:\/\/api.w.org\/{rel}","templated":true}]}}