{"id":2118,"date":"2023-10-10T15:18:47","date_gmt":"2023-10-10T13:18:47","guid":{"rendered":"https:\/\/pasaenmendoza.com\/?p=2118"},"modified":"2023-10-10T15:18:48","modified_gmt":"2023-10-10T13:18:48","slug":"orgullo-alumnos-mendocinos-se-destacaron-en-el-mundial-de-robotica","status":"publish","type":"post","link":"https:\/\/pasaenmendoza.com\/?p=2118","title":{"rendered":"Orgullo: alumnos mendocinos se destacaron en el Mundial de Rob\u00f3tica"},"content":{"rendered":"\n<p>Luego de\u00a0tres d\u00edas de competencia, culmin\u00f3\u00a0el Mundial de\u00a0<strong>Rob\u00f3tica<\/strong>\u00a0First Global. El mismo se disput\u00f3 del 7 al 10 de octubre en Singapur, y participaron j\u00f3venes provenientes de 191\u00a0pa\u00edses de todo el mundo.<\/p>\n\n\n\n<p>La delegaci\u00f3n argentina estuvo conformada por un grupo de alumnos\u00a0mendocinos (Sebasti\u00e1n Mart\u00ednez, Sara Lamagrande, Ger\u00f3nimo Herrera, Ignacio Moreno, Nicol\u00e1s Enrique Exp\u00f3sito Marsollier, Luca Cuello, Ignacio Moreno, Franco Mancini y Mart\u00edn Perello), que pertenecen a la\u00a0<strong>escuela<\/strong>\u00a0Tom\u00e1s Alva Edison, y que viajaron al pa\u00eds asi\u00e1tico a traer la cuarta estrella.<\/p>\n\n\n\n<p>Para prepararse, los j\u00f3venes estuvieron dedic\u00e1ndole 25 horas semanales al robot durante los meses previos a la competencia mundial.<\/p>\n\n\n\n<p>Si bien no se logr\u00f3 el objetivo, los j\u00f3venes tuvieron una destacada participaci\u00f3n, ya que obtuvieron el segundo lugar y quedaron en el podio de la competencia.<\/p>\n\n\n\n<p>El Mundial de\u00a0<strong>Rob\u00f3tica<\/strong>\u00a0tuvo como meta principal mitigar, de forma colectiva, el cambio clim\u00e1tico, y la competencia consist\u00eda en que los participantes construyeran (creativamente) un mismo robot con la capacidad de recolectar, almacenar y distribuir pelotitas que aparentan ser \u00e1tomos de hidr\u00f3geno y ox\u00edgeno para recrear la electr\u00f3nica del agua.<\/p>\n\n\n\n<p>El resultado fue muy bueno, pero sin lugar a dudas, lo m\u00e1s importante es que los j\u00f3venes volver\u00e1n a la provincia&nbsp;con un mont\u00f3n de experiencias e intercambios con chicos de otros pa\u00edses.<\/p>\n\n\n\n<p>Este segundo puesto afirma el nivel de Argentina, y particularmente de Mendoza en\u00a0<strong>rob\u00f3tica<\/strong>, rubro que crece cada a\u00f1o y que emerge a pasos agigantados gracias al talento juvenil.<\/p>\n\n\n\n<p><strong>Fuente: www.mdzol.com<\/strong><\/p>\n","protected":false},"excerpt":{"rendered":"<p>Luego de\u00a0tres d\u00edas de competencia, culmin\u00f3\u00a0el Mundial de\u00a0Rob\u00f3tica\u00a0First Global. El mismo se disput\u00f3 del 7 al 10 de octubre en Singapur, y participaron j\u00f3venes provenientes de 191\u00a0pa\u00edses de todo el mundo. La delegaci\u00f3n argentina estuvo conformada por un grupo de alumnos\u00a0mendocinos (Sebasti\u00e1n Mart\u00ednez, Sara Lamagrande, Ger\u00f3nimo Herrera, Ignacio Moreno, Nicol\u00e1s Enrique Exp\u00f3sito Marsollier, Luca Cuello, [&hellip;]<\/p>\n","protected":false},"author":2,"featured_media":2119,"comment_status":"open","ping_status":"open","sticky":false,"template":"","format":"standard","meta":[],"categories":[56],"tags":[],"_links":{"self":[{"href":"https:\/\/pasaenmendoza.com\/index.php?rest_route=\/wp\/v2\/posts\/2118"}],"collection":[{"href":"https:\/\/pasaenmendoza.com\/index.php?rest_route=\/wp\/v2\/posts"}],"about":[{"href":"https:\/\/pasaenmendoza.com\/index.php?rest_route=\/wp\/v2\/types\/post"}],"author":[{"embeddable":true,"href":"https:\/\/pasaenmendoza.com\/index.php?rest_route=\/wp\/v2\/users\/2"}],"replies":[{"embeddable":true,"href":"https:\/\/pasaenmendoza.com\/index.php?rest_route=%2Fwp%2Fv2%2Fcomments&post=2118"}],"version-history":[{"count":1,"href":"https:\/\/pasaenmendoza.com\/index.php?rest_route=\/wp\/v2\/posts\/2118\/revisions"}],"predecessor-version":[{"id":2120,"href":"https:\/\/pasaenmendoza.com\/index.php?rest_route=\/wp\/v2\/posts\/2118\/revisions\/2120"}],"wp:featuredmedia":[{"embeddable":true,"href":"https:\/\/pasaenmendoza.com\/index.php?rest_route=\/wp\/v2\/media\/2119"}],"wp:attachment":[{"href":"https:\/\/pasaenmendoza.com\/index.php?rest_route=%2Fwp%2Fv2%2Fmedia&parent=2118"}],"wp:term":[{"taxonomy":"category","embeddable":true,"href":"https:\/\/pasaenmendoza.com\/index.php?rest_route=%2Fwp%2Fv2%2Fcategories&post=2118"},{"taxonomy":"post_tag","embeddable":true,"href":"https:\/\/pasaenmendoza.com\/index.php?rest_route=%2Fwp%2Fv2%2Ftags&post=2118"}],"curies":[{"name":"wp","href":"https:\/\/api.w.org\/{rel}","templated":true}]}}