{"id":2124,"date":"2023-10-11T13:53:33","date_gmt":"2023-10-11T11:53:33","guid":{"rendered":"https:\/\/pasaenmendoza.com\/?p=2124"},"modified":"2023-10-11T13:53:35","modified_gmt":"2023-10-11T11:53:35","slug":"final-del-juicio-politico-que-podria-poner-a-walter-bento-tras-las-rejas","status":"publish","type":"post","link":"https:\/\/pasaenmendoza.com\/?p=2124","title":{"rendered":"Final del juicio pol\u00edtico que podr\u00eda poner a Walter Bento tras las rejas."},"content":{"rendered":"\n<p>El abogado Pablo Teixidor hizo un repaso por lo que fue el juicio pol\u00edtico y la jornada final, en la que Bento compar\u00f3 una posible destituci\u00f3n con la \u201cpena de muerte\u201d.<\/p>\n\n\n\n<p>El\u00a0<strong>juicio pol\u00edtico<\/strong>\u00a0al juez federal\u00a0<strong>Walter Bento<\/strong>\u00a0entr\u00f3 en su etapa definitoria: el pr\u00f3ximo 8 de noviembre, a las 12 hs., se conocer\u00e1 la sentencia del Jury de enjuiciamiento y se sabr\u00e1 si\u00a0<strong>Bento\u00a0<\/strong>es destituido o no.<\/p>\n\n\n\n<p>El abogado\u00a0<strong>Pablo Teixidor<\/strong>, hizo un repaso por lo que fue el\u00a0<strong>juicio pol\u00edtico<\/strong>\u00a0y la jornada final, en la que\u00a0<strong>Bento\u00a0<\/strong>compar\u00f3 una posible destituci\u00f3n con la \u201cpena de muerte\u201d.<\/p>\n\n\n\n<p>\u201cLa defensa \u2013 representada por Miguel Piedecasas &#8211; fue contundente en la acusaci\u00f3n, poniendo en consideraci\u00f3n que la confianza social en el magistrado estaba ro\u00edda, y en base a eso se fue expresando respecto de todas las conductas que se interpretaban como de mal desempe\u00f1o, haciendo bien la distinci\u00f3n entre este doble est\u00e1ndar de juzgamiento, lo que es el juzgamiento pol\u00edtico a lo que tiene que ver con la causa penal. Eso qued\u00f3 muy claro\u201d, detall\u00f3.<\/p>\n\n\n\n<p>Adem\u00e1s, analiz\u00f3 que \u201cla defensa opt\u00f3 por tratar de \u2018bajarle el precio\u2019 a la discusi\u00f3n respecto de las conductas reprochadas por la acusaci\u00f3n y buscar humanizar al Dr.&nbsp;<strong>Bento<\/strong>, tratando de vincular sus conductas como que son las de cualquier persona que deambula por la sociedad\u201d.<\/p>\n\n\n\n<p>El Jury, que no eval\u00faa los delitos sino el accionar del juez, eval\u00faa las irregularidades y trampas a las que acudi\u00f3 Walter Bento para conseguir cr\u00e9ditos en el Banco Naci\u00f3n, hasta la relaci\u00f3n que tuvo con delincuentes y personas sospechadas en causas penales. Otro de los ejes fue su estilo de vida y la falta de justificaci\u00f3n sobre el origen de los fondos para costearla.<\/p>\n\n\n\n<p>\u201cLa estrategia defensiva reg\u00eda respecto de que si este proceso fracasa, la instancia de que el juez resulte condenado por los delitos que se investigan en la sede penal, lo llevar\u00edan al mismo resultado que ser\u00eda la destituci\u00f3n\u201d, explic\u00f3&nbsp;<strong>Teixidor<\/strong>.<\/p>\n\n\n\n<p>Tambi\u00e9n hizo hincapi\u00e9 en las palabras de Patricia Bullrich durante el debate electoral del domingo pasado, en las que manifest\u00f3 que acababan de \u201cintervenir el tel\u00e9fono al abogado del juez mendocino&nbsp;<strong>Bento<\/strong>\u201d por ser parte de las asociaciones il\u00edcitas.<\/p>\n\n\n\n<p>\u201cLas declaraciones de Bullrich fueron desafortunadas; quiero interpretar que hizo referencia a que se tuvieron que intervenir tel\u00e9fonos de abogados y no que estaba hablando de quienes hoy defienden a Walter Bento\u201d, se\u00f1al\u00f3.<\/p>\n\n\n\n<p>Finalmente, remarc\u00f3 que \u201cel d\u00eda 8\u00a0de noviembre a las 12 hs. se va a leer, no solo el resolutivo de la sentencia, sino tambi\u00e9n los fundamentos\u201d.<\/p>\n\n\n\n<p>FUENTE: mdzonline.<\/p>\n\n\n\n<p><\/p>\n","protected":false},"excerpt":{"rendered":"<p>El abogado Pablo Teixidor hizo un repaso por lo que fue el juicio pol\u00edtico y la jornada final, en la que Bento compar\u00f3 una posible destituci\u00f3n con la \u201cpena de muerte\u201d. El\u00a0juicio pol\u00edtico\u00a0al juez federal\u00a0Walter Bento\u00a0entr\u00f3 en su etapa definitoria: el pr\u00f3ximo 8 de noviembre, a las 12 hs., se conocer\u00e1 la sentencia del Jury [&hellip;]<\/p>\n","protected":false},"author":2,"featured_media":2125,"comment_status":"open","ping_status":"open","sticky":true,"template":"","format":"standard","meta":[],"categories":[51,47],"tags":[],"_links":{"self":[{"href":"https:\/\/pasaenmendoza.com\/index.php?rest_route=\/wp\/v2\/posts\/2124"}],"collection":[{"href":"https:\/\/pasaenmendoza.com\/index.php?rest_route=\/wp\/v2\/posts"}],"about":[{"href":"https:\/\/pasaenmendoza.com\/index.php?rest_route=\/wp\/v2\/types\/post"}],"author":[{"embeddable":true,"href":"https:\/\/pasaenmendoza.com\/index.php?rest_route=\/wp\/v2\/users\/2"}],"replies":[{"embeddable":true,"href":"https:\/\/pasaenmendoza.com\/index.php?rest_route=%2Fwp%2Fv2%2Fcomments&post=2124"}],"version-history":[{"count":1,"href":"https:\/\/pasaenmendoza.com\/index.php?rest_route=\/wp\/v2\/posts\/2124\/revisions"}],"predecessor-version":[{"id":2126,"href":"https:\/\/pasaenmendoza.com\/index.php?rest_route=\/wp\/v2\/posts\/2124\/revisions\/2126"}],"wp:featuredmedia":[{"embeddable":true,"href":"https:\/\/pasaenmendoza.com\/index.php?rest_route=\/wp\/v2\/media\/2125"}],"wp:attachment":[{"href":"https:\/\/pasaenmendoza.com\/index.php?rest_route=%2Fwp%2Fv2%2Fmedia&parent=2124"}],"wp:term":[{"taxonomy":"category","embeddable":true,"href":"https:\/\/pasaenmendoza.com\/index.php?rest_route=%2Fwp%2Fv2%2Fcategories&post=2124"},{"taxonomy":"post_tag","embeddable":true,"href":"https:\/\/pasaenmendoza.com\/index.php?rest_route=%2Fwp%2Fv2%2Ftags&post=2124"}],"curies":[{"name":"wp","href":"https:\/\/api.w.org\/{rel}","templated":true}]}}