{"id":2127,"date":"2023-10-11T13:56:58","date_gmt":"2023-10-11T11:56:58","guid":{"rendered":"https:\/\/pasaenmendoza.com\/?p=2127"},"modified":"2023-10-11T13:57:00","modified_gmt":"2023-10-11T11:57:00","slug":"transicion-caliente-en-las-heras-siguen-los-cruces-y-el-cornejismo-exige-mas-informacion","status":"publish","type":"post","link":"https:\/\/pasaenmendoza.com\/?p=2127","title":{"rendered":"Transici\u00f3n caliente en Las Heras: siguen los cruces y el cornejismo exige m\u00e1s informaci\u00f3n"},"content":{"rendered":"\n<p>Los equipos t\u00e9cnicos de Lo Presti y Orozco se reunieron en el municipio para comenzar con el periodo de traspaso de mando. El martes ser\u00e1 el pr\u00f3ximo encuentro entre las partes.<\/p>\n\n\n\n<p>Tres semanas despu\u00e9s de las elecciones provinciales, los equipos t\u00e9cnicos de&nbsp;<strong>Francisco Lo Presti<\/strong>&nbsp;y<strong>&nbsp;Daniel Orozco<\/strong>&nbsp;comenzaron a diagramar e intercambiar las primeras informaciones de la transici\u00f3n en el municipio de Las Heras. Desde el oficialismo departamental se muestran tranquilos con el proceso, mientras que Cambia Mendoza (CM) exige m\u00e1s informaci\u00f3n.&nbsp;<mark>El pr\u00f3ximo martes se volver\u00e1n a reunir<\/mark>.<\/p>\n\n\n\n<p>El pasado lunes en el municipio lasherino se reunieron los apoderados de Orozco y del intendente electo para dar comienzo al proceso de traspaso de mando. La reuni\u00f3n, que dur\u00f3 casi dos horas, las partes pudieron armar una agenda de los temas a tratar durante la transici\u00f3n.&nbsp;<mark>Estos est\u00e1n ordenados en Hacienda, Recursos Humanos, Obras P\u00fablicas y Licitaciones<\/mark>.<\/p>\n\n\n\n<p>\u201c<em>La intenci\u00f3n es reunirnos dos veces por semana, los d\u00edas pueden variar, para avanzar con el pedido y chequeo de informaci\u00f3n. Cada reuni\u00f3n y avance que tengamos lo vamos a dejar en actas<\/em>\u201d, se\u00f1alaron desde el entorno del actual intendente, que abandon\u00f3 CM para convertirse en candidato a vicegobernador de La Uni\u00f3n Mendocina (LaUM)<\/p>\n\n\n\n<p>Referentes del oficialismo departamental manifestaron que la reuni\u00f3n fue positiva y que no hubo ning\u00fan problema ya que est\u00e1n abiertos a entregar toda la informaci\u00f3n que&nbsp;<strong>CM&nbsp;<\/strong>pida. Lejos de ese optimismo, el equipo de Lo Presti, liderado por referentes del cornejismo, apuntaron que solamente le entregaron una planilla llena de n\u00fameros que \u201c<em>no sirve para hacer ning\u00fan an\u00e1lisis<\/em>\u201d.<\/p>\n\n\n\n<p>\u201c<em>Nos dieron una planilla llena de n\u00fameros que, en teor\u00eda, es el presupuesto que le queda a cada \u00e1rea. Con esa hoja no pod\u00e9s hacer un an\u00e1lisis, es la nada misma<\/em>\u201d, expresaron desde CM.<\/p>\n\n\n\n<p>Ante esta situaci\u00f3n presentaron dos notas para exigir m\u00e1s informaci\u00f3n: una es para conocer el estado&nbsp;<mark>financiero y presupuestario del municipio,<\/mark>&nbsp;y la restante apunta a la&nbsp;<mark>situaci\u00f3n administrativa de los funcionarios y empleados y del presupuesto en las \u00e1reas m\u00e1s sensibles<\/mark>. La intenci\u00f3n de Lo Presti es que esos informes sean presentados en la reuni\u00f3n del pr\u00f3ximo martes.<\/p>\n\n\n\n<p>\u201c<em>La idea es que para el martes nos tengan lista la informaci\u00f3n que le pedimos. Nosotros nos llevamos esos informes para analizarlos y de paso les dejamos nuevos pedidos de otras \u00e1reas. En la pr\u00f3xima reuni\u00f3n, presentaremos las dudas o inquietudes que tengamos de la informaci\u00f3n que nos llevamos anteriorment<\/em>e\u201d, explicaron desde el entorno del jefe comunal electo.<\/p>\n\n\n\n<p>Por otro lado, revelaron que existi\u00f3\u00a0<em>\u201ccierta resistencia\u201d<\/em>\u00a0para entregar la informaci\u00f3n solicitada por parte de un sector vinculado a Orozco. \u201c<em>Esperamos que todo se vaya aflojando con el correr de las reunione<\/em>s\u201d, se\u00f1alaron desde el cornejismo.<\/p>\n\n\n\n<p>En este primer encuentro estuvieron presentes, representando a Orozco,&nbsp;<strong>Pablo Petasny<\/strong>&nbsp;(Salud),&nbsp;<strong>Andr\u00e9s Ramos<\/strong>&nbsp;(Legales),&nbsp;<strong>Eduardo Vi\u00f1als<\/strong>&nbsp;(Capital Humano) y&nbsp;<strong>Carlos Nofal<\/strong>&nbsp;(Hacienda).<\/p>\n\n\n\n<p>Mientras que por parte de Lo Presti estuvieron el presidente de la C\u00e1mara de Diputados,\u00a0<strong>Andr\u00e9s \u201cPeti\u201d Lombardi<\/strong>\u00a0y ex autoridades de la gesti\u00f3n de Orozco como\u00a0<strong>Mauro Homan<\/strong>\u00a0(Asuntos Legales),\u00a0<strong>Javier Tol\u00edn<\/strong>\u00a0(Hacienda),\u00a0<strong>Paula Candelieri\u00a0<\/strong>(Recursos Humanos) y\u00a0<strong>Fabi\u00e1n \u201cOso\u201d Tello<\/strong>\u00a0(Secretar\u00eda General).<\/p>\n\n\n\n<p>FUENTE: elsol.com.ar<\/p>\n","protected":false},"excerpt":{"rendered":"<p>Los equipos t\u00e9cnicos de Lo Presti y Orozco se reunieron en el municipio para comenzar con el periodo de traspaso de mando. El martes ser\u00e1 el pr\u00f3ximo encuentro entre las partes. Tres semanas despu\u00e9s de las elecciones provinciales, los equipos t\u00e9cnicos de&nbsp;Francisco Lo Presti&nbsp;y&nbsp;Daniel Orozco&nbsp;comenzaron a diagramar e intercambiar las primeras informaciones de la transici\u00f3n [&hellip;]<\/p>\n","protected":false},"author":2,"featured_media":2128,"comment_status":"open","ping_status":"open","sticky":true,"template":"","format":"standard","meta":[],"categories":[47],"tags":[],"_links":{"self":[{"href":"https:\/\/pasaenmendoza.com\/index.php?rest_route=\/wp\/v2\/posts\/2127"}],"collection":[{"href":"https:\/\/pasaenmendoza.com\/index.php?rest_route=\/wp\/v2\/posts"}],"about":[{"href":"https:\/\/pasaenmendoza.com\/index.php?rest_route=\/wp\/v2\/types\/post"}],"author":[{"embeddable":true,"href":"https:\/\/pasaenmendoza.com\/index.php?rest_route=\/wp\/v2\/users\/2"}],"replies":[{"embeddable":true,"href":"https:\/\/pasaenmendoza.com\/index.php?rest_route=%2Fwp%2Fv2%2Fcomments&post=2127"}],"version-history":[{"count":1,"href":"https:\/\/pasaenmendoza.com\/index.php?rest_route=\/wp\/v2\/posts\/2127\/revisions"}],"predecessor-version":[{"id":2129,"href":"https:\/\/pasaenmendoza.com\/index.php?rest_route=\/wp\/v2\/posts\/2127\/revisions\/2129"}],"wp:featuredmedia":[{"embeddable":true,"href":"https:\/\/pasaenmendoza.com\/index.php?rest_route=\/wp\/v2\/media\/2128"}],"wp:attachment":[{"href":"https:\/\/pasaenmendoza.com\/index.php?rest_route=%2Fwp%2Fv2%2Fmedia&parent=2127"}],"wp:term":[{"taxonomy":"category","embeddable":true,"href":"https:\/\/pasaenmendoza.com\/index.php?rest_route=%2Fwp%2Fv2%2Fcategories&post=2127"},{"taxonomy":"post_tag","embeddable":true,"href":"https:\/\/pasaenmendoza.com\/index.php?rest_route=%2Fwp%2Fv2%2Ftags&post=2127"}],"curies":[{"name":"wp","href":"https:\/\/api.w.org\/{rel}","templated":true}]}}