{"id":2130,"date":"2023-10-11T14:02:02","date_gmt":"2023-10-11T12:02:02","guid":{"rendered":"https:\/\/pasaenmendoza.com\/?p=2130"},"modified":"2023-10-11T14:02:03","modified_gmt":"2023-10-11T12:02:03","slug":"javier-milei-bloqueo-a-hebe-casado-en-las-redes-y-la-mendocina-respondio","status":"publish","type":"post","link":"https:\/\/pasaenmendoza.com\/?p=2130","title":{"rendered":"Javier Milei bloque\u00f3 a Hebe Casado en las redes y la mendocina respondi\u00f3"},"content":{"rendered":"\n<p>El candidato presidencial por La Libertad Avanza,<strong>\u00a0Javier Milei<\/strong>\u00a0bloque\u00f3 a la vicegobernadora electa de Mendoza,\u00a0<strong>Hebe Casado<\/strong>. El revuelo ocurri\u00f3 en la red social de X(ex twitter) y la mendocina lo comparti\u00f3 con un particular mensaje.<\/p>\n\n\n\n<p>&#8220;La Libertad No Avanza con tanto bloqueo! Qu\u00e9 pas\u00f3 Javier?&#8221;, fue lo que escribi\u00f3 junto a la foto que corrobora que Milei la bloque\u00f3. Por \u00faltimo a\u00f1adi\u00f3: &#8220;As\u00ed va a conseguir los consensos para realizar las reformas que necesita el pa\u00eds?&#8221;.<\/p>\n\n\n\n<p>&#8220;Qu\u00e9 pas\u00f3? Me acuerdo que siempre que iba a Mendoza estabas presente para verlo a Javier, me consta lo mucho que lo quer\u00edas. Una lastima que se haya roto esa relaci\u00f3n&#8221;, pregunt\u00f3 una usuaria de la red social.<\/p>\n\n\n\n<p>A esto Casado respondi\u00f3 corto y conciso: &#8220;No s\u00e9, preguntale a \u00e9l!&#8221;.<\/p>\n\n\n\n<p>No es la primera pol\u00e9mica en las redes sociales donde es protagonista la vicegobernadora electa. Se vi\u00f3 envuelta en una pol\u00e9mica declaraci\u00f3n donde compar\u00f3 a las muertes por Covid con los desaparecidos.<\/p>\n\n\n\n<p><\/p>\n\n\n\n<p><\/p>\n","protected":false},"excerpt":{"rendered":"<p>El candidato presidencial por La Libertad Avanza,\u00a0Javier Milei\u00a0bloque\u00f3 a la vicegobernadora electa de Mendoza,\u00a0Hebe Casado. El revuelo ocurri\u00f3 en la red social de X(ex twitter) y la mendocina lo comparti\u00f3 con un particular mensaje. &#8220;La Libertad No Avanza con tanto bloqueo! Qu\u00e9 pas\u00f3 Javier?&#8221;, fue lo que escribi\u00f3 junto a la foto que corrobora que [&hellip;]<\/p>\n","protected":false},"author":2,"featured_media":2131,"comment_status":"open","ping_status":"open","sticky":true,"template":"","format":"standard","meta":[],"categories":[47],"tags":[],"_links":{"self":[{"href":"https:\/\/pasaenmendoza.com\/index.php?rest_route=\/wp\/v2\/posts\/2130"}],"collection":[{"href":"https:\/\/pasaenmendoza.com\/index.php?rest_route=\/wp\/v2\/posts"}],"about":[{"href":"https:\/\/pasaenmendoza.com\/index.php?rest_route=\/wp\/v2\/types\/post"}],"author":[{"embeddable":true,"href":"https:\/\/pasaenmendoza.com\/index.php?rest_route=\/wp\/v2\/users\/2"}],"replies":[{"embeddable":true,"href":"https:\/\/pasaenmendoza.com\/index.php?rest_route=%2Fwp%2Fv2%2Fcomments&post=2130"}],"version-history":[{"count":1,"href":"https:\/\/pasaenmendoza.com\/index.php?rest_route=\/wp\/v2\/posts\/2130\/revisions"}],"predecessor-version":[{"id":2132,"href":"https:\/\/pasaenmendoza.com\/index.php?rest_route=\/wp\/v2\/posts\/2130\/revisions\/2132"}],"wp:featuredmedia":[{"embeddable":true,"href":"https:\/\/pasaenmendoza.com\/index.php?rest_route=\/wp\/v2\/media\/2131"}],"wp:attachment":[{"href":"https:\/\/pasaenmendoza.com\/index.php?rest_route=%2Fwp%2Fv2%2Fmedia&parent=2130"}],"wp:term":[{"taxonomy":"category","embeddable":true,"href":"https:\/\/pasaenmendoza.com\/index.php?rest_route=%2Fwp%2Fv2%2Fcategories&post=2130"},{"taxonomy":"post_tag","embeddable":true,"href":"https:\/\/pasaenmendoza.com\/index.php?rest_route=%2Fwp%2Fv2%2Ftags&post=2130"}],"curies":[{"name":"wp","href":"https:\/\/api.w.org\/{rel}","templated":true}]}}