{"id":2136,"date":"2023-10-11T14:11:46","date_gmt":"2023-10-11T12:11:46","guid":{"rendered":"https:\/\/pasaenmendoza.com\/?p=2136"},"modified":"2023-10-11T14:11:47","modified_gmt":"2023-10-11T12:11:47","slug":"la-cgt-y-empresarios-pyme-apuntan-a-milei-por-la-subida-del-dolar","status":"publish","type":"post","link":"https:\/\/pasaenmendoza.com\/?p=2136","title":{"rendered":"La CGT y empresarios pyme apuntan a Milei por la subida del d\u00f3lar"},"content":{"rendered":"\n<p>La corrida cambiaria de estas dos primeras jornadas de la semana llev\u00f3 al\u00a0<strong>d\u00f3lar blue por encima de los $1000<\/strong>. Esta escalada no solo afecta a los ahorristas y comerciantes, sino que adem\u00e1s comienza a generar perjuicios al sector productivo y<strong>\u00a0genera preocupaci\u00f3n en las centrales obreras por la ca\u00edda del salario<\/strong>.<\/p>\n\n\n\n<p>La CGT emiti\u00f3 un comunicado se\u00f1alando al candidato presidencial de La Libertad Avanza,\u00a0<strong>Javier Milei<\/strong>, como responsable de la corrida cambiaria. Con el t\u00edtulo\u00a0<strong>&#8220;el pir\u00f3mano nunca puede ser luego el bombero&#8221;<\/strong>, recriminaron a Milei por lo que consideran una actitud incendiaria.<\/p>\n\n\n\n<p>&#8220;Irresponsables, desatinadas, oportunistas y despreocupadas de la suerte de los argentinos son las declaraciones del candidato a presidente de La Libertad Avanza&#8221;, recriminaron desde la Confederaci\u00f3n General del Trabajo.<\/p>\n\n\n\n<p>El comunicado resalta que<strong>\u00a0Milei quiere obtener &#8220;un r\u00e9dito personal&#8221; y aseguran que &#8220;desprecia la vida y los ingresos de la poblaci\u00f3n argentina&#8221;<\/strong>.<\/p>\n\n\n\n<p>Por otro lado,&nbsp;<strong>Leo Bilanski, presidente de la Asociaci\u00f3n de Empresarios y Empresarias Nacionales para el Desarrollo Argentino (ENAC)<\/strong>&nbsp;se expres\u00f3 al respecto y se\u00f1al\u00f3, tal como han hecho desde el oficialismo y la oposici\u00f3n, a&nbsp;<strong>Javier Milei como instigador de la corrida<\/strong>.<\/p>\n\n\n\n<p>El empresario se pronunci\u00f3 en sus redes sociales haciendo referencia al tema de La Renga que muchas veces Milei us\u00f3 para sus actos de campa\u00f1a. &#8220;Alto quilombo est\u00e1 haciendo el leoncito mimoso&#8221;, expres\u00f3 Bilanski y poste\u00f3 el video de la emblem\u00e1tica banda.<\/p>\n\n\n\n<p>Consultado, Bilanski asegur\u00f3 que\u00a0<strong>&#8220;esto est\u00e1 generando un da\u00f1o muy grande a las pymes y a los consumidores&#8221;<\/strong>. Y se\u00f1al\u00f3 que el desequilibrio econ\u00f3mico &#8220;fue provocado por las declaraciones de Javier Milei&#8221;.<\/p>\n\n\n\n<p>En ese sentido, Bilanski afirm\u00f3 que&nbsp;<strong>Milei &#8220;es un irresponsable&#8221;<\/strong>. Y explic\u00f3 que en el marco de los empresarios pyme afecta de distinta manera. &#8220;Afecta de los importadores para abajo porque el precio al que tomamos el d\u00f3lar es el MEP o el CCL, pero el d\u00f3lar blue empuja todo para arriba&#8221;, expres\u00f3.<\/p>\n\n\n\n<p>En tanto que advirti\u00f3 que esta corrida &#8220;afecta incluso los precios de productos de origen nacional&#8221;.<\/p>\n\n\n\n<p>FUENTE: mendozapost<\/p>\n","protected":false},"excerpt":{"rendered":"<p>La corrida cambiaria de estas dos primeras jornadas de la semana llev\u00f3 al\u00a0d\u00f3lar blue por encima de los $1000. Esta escalada no solo afecta a los ahorristas y comerciantes, sino que adem\u00e1s comienza a generar perjuicios al sector productivo y\u00a0genera preocupaci\u00f3n en las centrales obreras por la ca\u00edda del salario. La CGT emiti\u00f3 un comunicado [&hellip;]<\/p>\n","protected":false},"author":2,"featured_media":2137,"comment_status":"open","ping_status":"open","sticky":true,"template":"","format":"standard","meta":[],"categories":[47],"tags":[],"_links":{"self":[{"href":"https:\/\/pasaenmendoza.com\/index.php?rest_route=\/wp\/v2\/posts\/2136"}],"collection":[{"href":"https:\/\/pasaenmendoza.com\/index.php?rest_route=\/wp\/v2\/posts"}],"about":[{"href":"https:\/\/pasaenmendoza.com\/index.php?rest_route=\/wp\/v2\/types\/post"}],"author":[{"embeddable":true,"href":"https:\/\/pasaenmendoza.com\/index.php?rest_route=\/wp\/v2\/users\/2"}],"replies":[{"embeddable":true,"href":"https:\/\/pasaenmendoza.com\/index.php?rest_route=%2Fwp%2Fv2%2Fcomments&post=2136"}],"version-history":[{"count":1,"href":"https:\/\/pasaenmendoza.com\/index.php?rest_route=\/wp\/v2\/posts\/2136\/revisions"}],"predecessor-version":[{"id":2138,"href":"https:\/\/pasaenmendoza.com\/index.php?rest_route=\/wp\/v2\/posts\/2136\/revisions\/2138"}],"wp:featuredmedia":[{"embeddable":true,"href":"https:\/\/pasaenmendoza.com\/index.php?rest_route=\/wp\/v2\/media\/2137"}],"wp:attachment":[{"href":"https:\/\/pasaenmendoza.com\/index.php?rest_route=%2Fwp%2Fv2%2Fmedia&parent=2136"}],"wp:term":[{"taxonomy":"category","embeddable":true,"href":"https:\/\/pasaenmendoza.com\/index.php?rest_route=%2Fwp%2Fv2%2Fcategories&post=2136"},{"taxonomy":"post_tag","embeddable":true,"href":"https:\/\/pasaenmendoza.com\/index.php?rest_route=%2Fwp%2Fv2%2Ftags&post=2136"}],"curies":[{"name":"wp","href":"https:\/\/api.w.org\/{rel}","templated":true}]}}