{"id":2139,"date":"2023-10-11T14:37:00","date_gmt":"2023-10-11T12:37:00","guid":{"rendered":"https:\/\/pasaenmendoza.com\/?p=2139"},"modified":"2023-10-11T14:37:01","modified_gmt":"2023-10-11T12:37:01","slug":"a-mendoza-le-alcanzara-el-agua-para-esta-temporada-informo-el-superintendente-de-irrigacion","status":"publish","type":"post","link":"https:\/\/pasaenmendoza.com\/?p=2139","title":{"rendered":"&#8220;A Mendoza le alcanzar\u00e1 el agua&#8221; para esta temporada, inform\u00f3 el superintendente de Irrigaci\u00f3n"},"content":{"rendered":"\n<p>El superintendente del Departamento General de\u00a0<strong>Irrigaci\u00f3n<\/strong>,\u00a0Sergio Marinelli, se\u00f1al\u00f3 que\u00a0<strong>&#8220;va a alcanzar el agua&#8221; en la temporada 2023-2024\u00a0<\/strong>como consecuencia de las fuertes nevadas de este invierno. De todas maneras -advirti\u00f3 pensando en el futuro-\u00a0<strong>&#8220;los pr\u00f3ximos a\u00f1os no ser\u00e1n buenos&#8221;<\/strong>.<\/p>\n\n\n\n<p>Lo dijo en la presentaci\u00f3n del&nbsp;<strong>pron\u00f3stico de caudales de los r\u00edos de Mendoza<\/strong>&nbsp;que se dio este martes.<\/p>\n\n\n\n<p><strong>Rub\u00e9n Villodas<\/strong>, director de Gesti\u00f3n H\u00eddrica, se\u00f1al\u00f3 adem\u00e1s que hay pron\u00f3stico de\u00a0<strong>temporada &#8220;h\u00fameda o normal&#8221; para todos los r\u00edos<\/strong>\u00a0de la provincia.<\/p>\n\n\n\n<h2 class=\"wp-block-heading\">Nevadas y El Ni\u00f1o para un a\u00f1o bueno<\/h2>\n\n\n\n<p><strong>&#8220;Si bien este a\u00f1o va a ser bueno, todo indica que habr\u00e1 variabilidad clim\u00e1tica y que los pr\u00f3ximos a\u00f1os no ser\u00e1n as\u00ed&#8221;, se\u00f1al\u00f3 Marinelli<\/strong>&nbsp;en la presentaci\u00f3n en la que comparti\u00f3 escenario con el meteor\u00f3logo de Contingencias&nbsp;<strong>Carlos Bustos<\/strong>; los cient\u00edficos del Conicet&nbsp;<strong>Maximiliano Viale<\/strong>,&nbsp;<strong>Juan Rivera<\/strong>&nbsp;y&nbsp;<strong>Ezequiel Toum<\/strong>; y el ingeniero&nbsp;<strong>Rub\u00e9n Villodas<\/strong>&nbsp;de Irrigaci\u00f3n.<\/p>\n\n\n\n<p>Para esos a\u00f1os venideros que no se esperan con buen caudal,&nbsp;<strong>Marinelli destac\u00f3 que Mendoza tendr\u00e1 que poner en marcha el plan h\u00eddrico<\/strong>&nbsp;en el que se est\u00e1 trabajando y se espera finalizar hacia fines del 2024.<\/p>\n\n\n\n<p>&#8220;Este plan tiene que ver con darle certidumbre a los usuarios del agua.\u00a0<strong>Se basa en la comprensi\u00f3n de lo que est\u00e1 pasando y lo que puede pasar fundamentalmente con el clima<\/strong>&#8220;, expres\u00f3.<\/p>\n\n\n\n<p>&#8220;Si nuestra eficiencia es del 50%, quiere decir que\u00a0<strong>tenemos margen para que en los pr\u00f3ximos a\u00f1os no la pasemos mal en la medida que hagamos lo que hay que hacer<\/strong>, que es tener un plan que todos cumplamos&#8221;, advirti\u00f3 el funcionario.<\/p>\n\n\n\n<p>El meteor\u00f3logo&nbsp;<strong>Carlos Bustos<\/strong>, de la Direcci\u00f3n de Contingencias Clim\u00e1ticas, explic\u00f3 que durante los \u00faltimos tres a\u00f1os, Mendoza estuvo bajo la influencia de La Ni\u00f1a, &#8220;con&nbsp;<strong>fen\u00f3menos meteorol\u00f3gicos extremos<\/strong>&nbsp;como la helada del 31 de octubre y 1 de noviembre; las granizadas severas en San Mart\u00edn y el exceso de precipitaci\u00f3n registrado en marzo. Esta situaci\u00f3n ha concluido y nos encontramos bajo los efectos de El Ni\u00f1o&#8221;.<\/p>\n\n\n\n<p>La&nbsp;<strong>combinaci\u00f3n de El Ni\u00f1o junto al dipolo del Oc\u00e9ano \u00cdndico &#8220;favorecen las precipitaciones por encima de lo normal&#8221;<\/strong>, dijo.<\/p>\n\n\n\n<p>&#8220;El fen\u00f3meno se puede extender lo que resta de la primavera y verano. Ya en oto\u00f1o e invierno crecen las probabilidades de entrar en una&nbsp;<strong>fase neutral<\/strong>&#8220;, explic\u00f3.<\/p>\n\n\n\n<p>Que entremos en presencia de El Ni\u00f1o (la \u00faltima vez fue 2015-2016) significa que\u00a0<strong>se registrar\u00e1n precipitaciones por encima de lo normal en la primavera y en el arranque del verano<\/strong>\u00a0y en cuanto a las temperaturas el comportamiento ser\u00eda\u00a0<strong>relativamente normal<\/strong>.<\/p>\n\n\n\n<h2 class=\"wp-block-heading\">Pron\u00f3stico de Irrigaci\u00f3n sobre el caudal de los r\u00edos de Mendoza para la temporada 2023-2024<\/h2>\n\n\n\n<figure class=\"wp-block-image\"><img decoding=\"async\" src=\"https:\/\/media.diariouno.com.ar\/p\/9c0ab54cde3518955fba4dcba0de6dae\/adjuntos\/298\/imagenes\/009\/239\/0009239710\/1200x0\/smart\/imagepng.png\" alt=\"\" title=\"\"\/><\/figure>\n\n\n\n<p><strong>Fuente: www.diariouno.com.ar<\/strong><a rel=\"noreferrer noopener\" href=\"https:\/\/www.facebook.com\/dialog\/feed?app_id=161316767303985&amp;link=https%3A%2F%2Fwww.diariouno.com.ar%2Fsociedad%2Fa-mendoza-le-alcanzara-el-agua-esta-temporada-informo-el-superintendente-irrigacion-n1227661&amp;name=%22A+Mendoza+le+alcanzar%C3%A1+el+agua%22+para+esta+temporada%2C+inform%C3%B3+el+superintendente+de+Irrigaci%C3%B3n&amp;caption=Irrigaci%C3%B3n&amp;description=El+superintendente+del+Departamento+General+de+Irrigaci%C3%B3n+present%C3%B3+el+pron%C3%B3stico+de+caudales+para+los+r%C3%ADos+de+Mendoza+tras+las+nevadas+de+este+invierno.+%22Va+a+alcanzar+el+agua%22%2C+dijo+sobre+la+temporada&amp;redirect_uri=https%3A%2F%2Fwww.diariouno.com.ar%2Fsociedad%2Fa-mendoza-le-alcanzara-el-agua-esta-temporada-informo-el-superintendente-irrigacion-n1227661\" target=\"_blank\"><\/a><\/p>\n\n\n\n<p><a rel=\"noreferrer noopener\" href=\"https:\/\/twitter.com\/intent\/tweet?url=https%3A%2F%2Fwww.diariouno.com.ar%2Fc1227661&amp;related=diariouno&amp;text=%22A+Mendoza+le+alcanzar%C3%A1+el+agua%22+para+esta+temporada%2C+inform%C3%B3+el+superintendente+de+Irrigaci%C3%B3n&amp;via=diariouno\" target=\"_blank\"><\/a><\/p>\n\n\n\n<p><a href=\"mailto:?body=https%3A%2F%2Fwww.diariouno.com.ar%2Fsociedad%2Fa-mendoza-le-alcanzara-el-agua-esta-temporada-informo-el-superintendente-irrigacion-n1227661&amp;subject=%E2%80%9C%22A%20Mendoza%20le%20alcanzar%C3%A1%20el%20agua%22%20para%20esta%20temporada%2C%20inform%C3%B3%20el%20superintendente%20de%20Irrigaci%C3%B3n%E2%80%9D\"><\/a><\/p>\n\n\n\n<p><a rel=\"noreferrer noopener\" href=\"https:\/\/api.whatsapp.com\/send?text=%E2%80%9C%22A%20Mendoza%20le%20alcanzar%C3%A1%20el%20agua%22%20para%20esta%20temporada%2C%20inform%C3%B3%20el%20superintendente%20de%20Irrigaci%C3%B3n%E2%80%9D%20https%3A%2F%2Fwww.diariouno.com.ar%2Fsociedad%2Fa-mendoza-le-alcanzara-el-agua-esta-temporada-informo-el-superintendente-irrigacion-n1227661\" target=\"_blank\"><\/a><\/p>\n","protected":false},"excerpt":{"rendered":"<p>El superintendente del Departamento General de\u00a0Irrigaci\u00f3n,\u00a0Sergio Marinelli, se\u00f1al\u00f3 que\u00a0&#8220;va a alcanzar el agua&#8221; en la temporada 2023-2024\u00a0como consecuencia de las fuertes nevadas de este invierno. De todas maneras -advirti\u00f3 pensando en el futuro-\u00a0&#8220;los pr\u00f3ximos a\u00f1os no ser\u00e1n buenos&#8221;. Lo dijo en la presentaci\u00f3n del&nbsp;pron\u00f3stico de caudales de los r\u00edos de Mendoza&nbsp;que se dio este martes. [&hellip;]<\/p>\n","protected":false},"author":2,"featured_media":2140,"comment_status":"open","ping_status":"open","sticky":false,"template":"","format":"standard","meta":[],"categories":[49],"tags":[],"_links":{"self":[{"href":"https:\/\/pasaenmendoza.com\/index.php?rest_route=\/wp\/v2\/posts\/2139"}],"collection":[{"href":"https:\/\/pasaenmendoza.com\/index.php?rest_route=\/wp\/v2\/posts"}],"about":[{"href":"https:\/\/pasaenmendoza.com\/index.php?rest_route=\/wp\/v2\/types\/post"}],"author":[{"embeddable":true,"href":"https:\/\/pasaenmendoza.com\/index.php?rest_route=\/wp\/v2\/users\/2"}],"replies":[{"embeddable":true,"href":"https:\/\/pasaenmendoza.com\/index.php?rest_route=%2Fwp%2Fv2%2Fcomments&post=2139"}],"version-history":[{"count":1,"href":"https:\/\/pasaenmendoza.com\/index.php?rest_route=\/wp\/v2\/posts\/2139\/revisions"}],"predecessor-version":[{"id":2141,"href":"https:\/\/pasaenmendoza.com\/index.php?rest_route=\/wp\/v2\/posts\/2139\/revisions\/2141"}],"wp:featuredmedia":[{"embeddable":true,"href":"https:\/\/pasaenmendoza.com\/index.php?rest_route=\/wp\/v2\/media\/2140"}],"wp:attachment":[{"href":"https:\/\/pasaenmendoza.com\/index.php?rest_route=%2Fwp%2Fv2%2Fmedia&parent=2139"}],"wp:term":[{"taxonomy":"category","embeddable":true,"href":"https:\/\/pasaenmendoza.com\/index.php?rest_route=%2Fwp%2Fv2%2Fcategories&post=2139"},{"taxonomy":"post_tag","embeddable":true,"href":"https:\/\/pasaenmendoza.com\/index.php?rest_route=%2Fwp%2Fv2%2Ftags&post=2139"}],"curies":[{"name":"wp","href":"https:\/\/api.w.org\/{rel}","templated":true}]}}