{"id":2142,"date":"2023-10-11T14:43:05","date_gmt":"2023-10-11T12:43:05","guid":{"rendered":"https:\/\/pasaenmendoza.com\/?p=2142"},"modified":"2023-10-11T14:43:06","modified_gmt":"2023-10-11T12:43:06","slug":"los-cambios-mas-importantes-de-la-nueva-ley-de-alquileres-que-regira-desde-diciembre","status":"publish","type":"post","link":"https:\/\/pasaenmendoza.com\/?p=2142","title":{"rendered":"Los cambios m\u00e1s importantes de la nueva Ley de Alquileres que regir\u00e1 desde diciembre"},"content":{"rendered":"\n<p>La<strong>\u00a0nueva\u00a0Ley de Alquileres que se aprob\u00f3 en la madrugada de este mi\u00e9rcoles\u00a0mantiene los tres a\u00f1os de duraci\u00f3n de los contratos<\/strong>, pero establece un intervalo\u00a0<strong>m\u00ednimo de seis meses para la actualizaci\u00f3n de los precios<\/strong>, contrariamente a la normativa que estaba vigente que permite hasta una sola actualizaci\u00f3n por a\u00f1o del valor del alquiler.<\/p>\n\n\n\n<p>En tanto,&nbsp;<strong>se establece como \u00edndice para la actualizaci\u00f3n del precio el coeficiente de &#8220;Casa Propia&#8221;<\/strong>&nbsp;utilizado por el Ministerio de Desarrollo Territorial y H\u00e1bitat.<\/p>\n\n\n\n<p>El mismo estar\u00e1 &#8220;<strong>conformado por la menor variaci\u00f3n que surja de comparar el promedio del 0,9 de la variaci\u00f3n del Coeficiente de Variaci\u00f3n Salarial publicado por el INDEC, y la variaci\u00f3n del Coeficiente de Estabilizaci\u00f3n de Referencia<\/strong>\u00a0publicado por el Banco Central de la Rep\u00fablica Argentina&#8221;.<\/p>\n\n\n\n<p>Adem\u00e1s, el texto de la norma aprobada aclara que&nbsp;<strong>el precio de los contratos debe establecerse en moneda nacional<\/strong>, as\u00ed como la publicidad del precio de las locaciones de inmuebles no puede expresarse en otra moneda que no sea en pesos.<\/p>\n\n\n\n<p><strong>Se calcula que la nueva ley comenzar\u00e1 a regir desde el 1 de diciembre<\/strong>, ya que para que la reforma aprobada entre en vigencia formalmente, es necesario publicarla en el Bolet\u00edn Oficial, un proceso que&nbsp;<strong>podr\u00eda tomar alrededor de 40 d\u00edas.<\/strong>&nbsp;Hasta que esto ocurra, los contratos seguir\u00e1n siendo de tres a\u00f1os y se ajustar\u00e1n anualmente a trav\u00e9s del \u00cdndice de Contratos de Locaci\u00f3n (ICL).<\/p>\n\n\n\n<p>Tambi\u00e9n&nbsp;<strong>se incorpora un incentivo fiscal relacionado al monotributo<\/strong>, al disponer que &#8220;los ingresos provenientes exclusivamente de la locaci\u00f3n de hasta dos inmuebles estar\u00e1n exentos del pago del monotributo&#8221;.<\/p>\n\n\n\n<p>Por otra parte,\u00a0<strong>se mantiene la exenci\u00f3n de Bienes Personales a los inmuebles destinados a alquiler para vivienda habitacional<\/strong>, la exenci\u00f3n del impuesto al cheque para aquellas cajas de ahorro o cuentas corrientes &#8220;utilizadas en forma exclusiva para las operaciones inherentes a la actividad de locaci\u00f3n de inmuebles con destino casa-habitaci\u00f3n, cuyos contratos se encuentren debidamente registrados&#8221;.<\/p>\n\n\n\n<p>En tanto, qued\u00f3 plasmado otro beneficio seg\u00fan el cual &#8220;<strong>las partes podr\u00e1n deducir del impuesto a las Ganancias la suma equivalente al 10% del monto anual del contrato de locaci\u00f3n&#8221;.<\/strong><\/p>\n\n\n\n<h2 class=\"wp-block-heading\">La nueva Ley de Alquileres en detalles<\/h2>\n\n\n\n<ul>\n<li>Mantenimiento de contratos por tres a\u00f1os.<\/li>\n\n\n\n<li>Ajustes semestrales en lugar de anuales.<\/li>\n\n\n\n<li>Aplicaci\u00f3n del \u00edndice Casa Propia, que considera el menor \u00edndice entre la variaci\u00f3n salarial y la inflaci\u00f3n del \u00faltimo a\u00f1o. Actualmente, se utiliza el \u00cdndice de Contratos de Locaci\u00f3n (ICL) del Banco Central.<\/li>\n\n\n\n<li>Contratos en moneda nacional.<\/li>\n\n\n\n<li>Incentivos impositivos para propietarios que alquilen sus viviendas.<\/li>\n\n\n\n<li>No publicar avisos en d\u00f3lares.<\/li>\n\n\n\n<li>La ley vigente establece que los inquilinos pueden realizar pagos adelantados de hasta un mes de alquiler.<\/li>\n<\/ul>\n\n\n\n<p><strong>Fuente: www.diariouno.com.ar<\/strong><\/p>\n","protected":false},"excerpt":{"rendered":"<p>La\u00a0nueva\u00a0Ley de Alquileres que se aprob\u00f3 en la madrugada de este mi\u00e9rcoles\u00a0mantiene los tres a\u00f1os de duraci\u00f3n de los contratos, pero establece un intervalo\u00a0m\u00ednimo de seis meses para la actualizaci\u00f3n de los precios, contrariamente a la normativa que estaba vigente que permite hasta una sola actualizaci\u00f3n por a\u00f1o del valor del alquiler. En tanto,&nbsp;se establece [&hellip;]<\/p>\n","protected":false},"author":2,"featured_media":2143,"comment_status":"open","ping_status":"open","sticky":false,"template":"","format":"standard","meta":[],"categories":[69],"tags":[],"_links":{"self":[{"href":"https:\/\/pasaenmendoza.com\/index.php?rest_route=\/wp\/v2\/posts\/2142"}],"collection":[{"href":"https:\/\/pasaenmendoza.com\/index.php?rest_route=\/wp\/v2\/posts"}],"about":[{"href":"https:\/\/pasaenmendoza.com\/index.php?rest_route=\/wp\/v2\/types\/post"}],"author":[{"embeddable":true,"href":"https:\/\/pasaenmendoza.com\/index.php?rest_route=\/wp\/v2\/users\/2"}],"replies":[{"embeddable":true,"href":"https:\/\/pasaenmendoza.com\/index.php?rest_route=%2Fwp%2Fv2%2Fcomments&post=2142"}],"version-history":[{"count":1,"href":"https:\/\/pasaenmendoza.com\/index.php?rest_route=\/wp\/v2\/posts\/2142\/revisions"}],"predecessor-version":[{"id":2144,"href":"https:\/\/pasaenmendoza.com\/index.php?rest_route=\/wp\/v2\/posts\/2142\/revisions\/2144"}],"wp:featuredmedia":[{"embeddable":true,"href":"https:\/\/pasaenmendoza.com\/index.php?rest_route=\/wp\/v2\/media\/2143"}],"wp:attachment":[{"href":"https:\/\/pasaenmendoza.com\/index.php?rest_route=%2Fwp%2Fv2%2Fmedia&parent=2142"}],"wp:term":[{"taxonomy":"category","embeddable":true,"href":"https:\/\/pasaenmendoza.com\/index.php?rest_route=%2Fwp%2Fv2%2Fcategories&post=2142"},{"taxonomy":"post_tag","embeddable":true,"href":"https:\/\/pasaenmendoza.com\/index.php?rest_route=%2Fwp%2Fv2%2Ftags&post=2142"}],"curies":[{"name":"wp","href":"https:\/\/api.w.org\/{rel}","templated":true}]}}