{"id":2145,"date":"2023-10-11T14:50:46","date_gmt":"2023-10-11T12:50:46","guid":{"rendered":"https:\/\/pasaenmendoza.com\/?p=2145"},"modified":"2023-10-11T14:50:47","modified_gmt":"2023-10-11T12:50:47","slug":"es-ley-la-empresa-de-hidroelectricidad-mendoza-que-administrara-la-produccion-de-los-nihuiles","status":"publish","type":"post","link":"https:\/\/pasaenmendoza.com\/?p=2145","title":{"rendered":"Es ley la empresa de Hidroelectricidad Mendoza que administrar\u00e1 la producci\u00f3n de Los Nihuiles"},"content":{"rendered":"\n<p>El Senado convirti\u00f3 en ley este martes la creaci\u00f3n de la\u00a0<strong>Empresa de Hidroelectricidad Mendoza,\u00a0<\/strong>que se ocupar\u00e1 de administrar la producci\u00f3n de energ\u00eda de la central hidroel\u00e9ctrica<strong>\u00a0Los Nihuiles<\/strong>.<\/p>\n\n\n\n<p>El proyecto remitido por el Gobierno provincial fue aprobado por\u00a0<strong>19 votos a favor, mientras que 13 legisladores del PJ y La Uni\u00f3n Mendocina lo votaron en contra.<\/strong><\/p>\n\n\n\n<h2 class=\"wp-block-heading\">En qu\u00e9 consiste el proyecto para manejar Los Nihuiles<\/h2>\n\n\n\n<p>Se prev\u00e9 que el&nbsp;<strong>51% de las acciones de la Empresa de Hidroelectricidad Mendoza se concesionen a 30 a\u00f1os y<\/strong>&nbsp;que se ocupe de&nbsp;<strong>fiscalizar su funcionamiento una empresa internacional,<\/strong>&nbsp;con experiencia comprobada.<\/p>\n\n\n\n<p>El&nbsp;<strong>Sistema Hidroel\u00e9ctrico Los Nihuiles<\/strong>&nbsp;est\u00e1 situado sobre el&nbsp;<strong>r\u00edo Atuel<\/strong>, tiene una capacidad instalada aproximada de&nbsp;<strong>290 megavatios, y est\u00e1 conformado por 3 represas, 4 centrales generadoras de energ\u00eda hidroel\u00e9ctrica y 1 dique compensador<\/strong>. Cubre una longitud total aproximada de 40 kil\u00f3metros y tiene una diferencia de altura aproximada de 460 metros.<\/p>\n\n\n\n<p>Ahora solo falta que el Ejecutivo promulgue y publique la ley para que se puedan licitar las acciones.<\/p>\n\n\n\n<h2 class=\"wp-block-heading\"><strong>Un debate que mostr\u00f3 &#8220;la grieta&#8221;<\/strong><\/h2>\n\n\n\n<p>Durante su tratamiento en el recinto, el&nbsp;<strong>senador Jorge Carballo (Frente Cambia Mendoza)&nbsp;<\/strong>fue el encargado de dar a conocer todos los antecedentes de este proyecto. Destac\u00f3 adem\u00e1s que la propuesta contaba con media sanci\u00f3n de la C\u00e1mara de Diputados.<\/p>\n\n\n\n<p>Explic\u00f3 que esta iniciativa prev\u00e9 la convocatoria a un proceso de licitaci\u00f3n p\u00fablica nacional e internacional para transferir a t\u00edtulo oneroso al menos el 51% del capital social a un \u00fanico adquirente, que deber\u00e1 tener la condici\u00f3n de persona jur\u00eddica.<\/p>\n\n\n\n<p>Luego, desde el\u00a0<strong>Partido Justicialista<\/strong>, la\u00a0<strong>senadora Cecilia Juri\u00a0<\/strong>comunic\u00f3 que los\u00a0<strong>miembros de su bloque no acompa\u00f1ar\u00edan el proyecto<\/strong>\u00a0y brind\u00f3 algunas consideraciones que los llevaron a tomar esta decisi\u00f3n.<\/p>\n\n\n\n<p>Posteriormente, el\u00a0<strong>senador Valent\u00edn Gonz\u00e1lez,\u00a0<\/strong>quien representa al bloque de\u00a0<strong>La Uni\u00f3n Mendocina<\/strong>\u00a0inform\u00f3: &#8220;Estamos entregando la concesi\u00f3n a una firma que todav\u00eda no est\u00e1 constituida. Desde este bloque entendemos que este proyecto no es del todo claro, por lo que no acompa\u00f1aremos este proyecto&#8221;.<\/p>\n\n\n\n<p>El senador Pedro Serra, del PJ, resalt\u00f3: &#8220;Lo que estamos haciendo es licitando algo que existe, algo que ya est\u00e1 hecho. Creo en un Estado eficiente, creo que podemos decidir a qui\u00e9n vender y a qui\u00e9n no. Hay que estar cerca de la zona para saber de qu\u00e9 se trata&#8221;.<\/p>\n\n\n\n<p>El jefe de bloque&nbsp;<strong>Cambia Mendoza<\/strong>,&nbsp;<strong>Mart\u00edn Kerchner Tomba,<\/strong>&nbsp;explic\u00f3 que todas las requisitorias de los senadores fueron contestadas en comisiones. &#8220;Las acciones concretas son las que permiten beneficios reales para los mendocinos. Cambia Mendoza es muy exigente con los controles. La energ\u00eda es vital para lo que viene. Tenemos que seguir dando los instrumentos correspondientes al Ejecutivo. Me parece que es importante que votemos esto&#8221;, subray\u00f3.<\/p>\n\n\n\n<p>La semana pasada\u00a0<strong>dicha propuesta fue estudiada en forma conjunta<\/strong>\u00a0por los y las integrantes de las\u00a0<strong>comisiones de Legislaci\u00f3n y Asuntos Constitucionales, por Hacienda y Presupuesto, y por Hidrocarburos, Miner\u00eda y Energ\u00eda.\u00a0<\/strong>Al encuentro asisti\u00f3 el presidente de Emesa, Pablo Magistocchi, para explicar las particularidades del proyecto.<\/p>\n\n\n\n<p><strong>Fuente: www.diariouno.com.ar<\/strong><\/p>\n","protected":false},"excerpt":{"rendered":"<p>El Senado convirti\u00f3 en ley este martes la creaci\u00f3n de la\u00a0Empresa de Hidroelectricidad Mendoza,\u00a0que se ocupar\u00e1 de administrar la producci\u00f3n de energ\u00eda de la central hidroel\u00e9ctrica\u00a0Los Nihuiles. El proyecto remitido por el Gobierno provincial fue aprobado por\u00a019 votos a favor, mientras que 13 legisladores del PJ y La Uni\u00f3n Mendocina lo votaron en contra. En [&hellip;]<\/p>\n","protected":false},"author":2,"featured_media":2146,"comment_status":"open","ping_status":"open","sticky":false,"template":"","format":"standard","meta":[],"categories":[47],"tags":[],"_links":{"self":[{"href":"https:\/\/pasaenmendoza.com\/index.php?rest_route=\/wp\/v2\/posts\/2145"}],"collection":[{"href":"https:\/\/pasaenmendoza.com\/index.php?rest_route=\/wp\/v2\/posts"}],"about":[{"href":"https:\/\/pasaenmendoza.com\/index.php?rest_route=\/wp\/v2\/types\/post"}],"author":[{"embeddable":true,"href":"https:\/\/pasaenmendoza.com\/index.php?rest_route=\/wp\/v2\/users\/2"}],"replies":[{"embeddable":true,"href":"https:\/\/pasaenmendoza.com\/index.php?rest_route=%2Fwp%2Fv2%2Fcomments&post=2145"}],"version-history":[{"count":1,"href":"https:\/\/pasaenmendoza.com\/index.php?rest_route=\/wp\/v2\/posts\/2145\/revisions"}],"predecessor-version":[{"id":2147,"href":"https:\/\/pasaenmendoza.com\/index.php?rest_route=\/wp\/v2\/posts\/2145\/revisions\/2147"}],"wp:featuredmedia":[{"embeddable":true,"href":"https:\/\/pasaenmendoza.com\/index.php?rest_route=\/wp\/v2\/media\/2146"}],"wp:attachment":[{"href":"https:\/\/pasaenmendoza.com\/index.php?rest_route=%2Fwp%2Fv2%2Fmedia&parent=2145"}],"wp:term":[{"taxonomy":"category","embeddable":true,"href":"https:\/\/pasaenmendoza.com\/index.php?rest_route=%2Fwp%2Fv2%2Fcategories&post=2145"},{"taxonomy":"post_tag","embeddable":true,"href":"https:\/\/pasaenmendoza.com\/index.php?rest_route=%2Fwp%2Fv2%2Ftags&post=2145"}],"curies":[{"name":"wp","href":"https:\/\/api.w.org\/{rel}","templated":true}]}}