{"id":2148,"date":"2023-10-11T14:58:06","date_gmt":"2023-10-11T12:58:06","guid":{"rendered":"https:\/\/pasaenmendoza.com\/?p=2148"},"modified":"2023-10-11T14:58:07","modified_gmt":"2023-10-11T12:58:07","slug":"vacaciones-frente-a-la-explosion-del-dolar-blue-que-medidas-tomaron-las-agencias-de-turismo-de-mendoza","status":"publish","type":"post","link":"https:\/\/pasaenmendoza.com\/?p=2148","title":{"rendered":"Vacaciones: frente a la explosi\u00f3n del d\u00f3lar blue, qu\u00e9 medidas tomaron las agencias de turismo de Mendoza"},"content":{"rendered":"\n<p>En menos de tres meses arrancan las&nbsp;<strong>vacaciones 2024<\/strong>&nbsp;y son muchos los&nbsp;<strong>mendocinos&nbsp;<\/strong>que pese a la&nbsp;<mark>incertidumbre reinante en el pa\u00eds<\/mark>, con una inflaci\u00f3n por las nubes y un d\u00f3lar que no deja de trepar y que pas\u00f3 los $1000, ans\u00edan poder descansar unos d\u00edas.<\/p>\n\n\n\n<p>En medio de ese panorama,\u00a0<mark>algunas agencias de viajes ya comenzaron a vender sus paquetes para el 2024.<\/mark>\u00a0\u201cLas consultas no dejan de crecer y, desde hace cuatro d\u00edas que disponemos de los valores oficiales tambi\u00e9n comenzaron a se\u00f1arse y cancelarse las operaciones\u201d, coment\u00f3 Anabela Ojeda de Arubas Viajes.<\/p>\n\n\n\n<p>Un dato para tener en cuenta es que desde este martes, el Gobierno Nacional aument\u00f3 las percepciones y\u00a0unific\u00f3 el d\u00f3lar Qatar, el solidario y el tarjeta en<strong>\u00a0$731<\/strong>. De este modo,\u00a0<mark>las agencias s\u00f3lo recibir\u00e1n pagos en d\u00f3lar billete para los viajes al exterior.<\/mark><\/p>\n\n\n\n<h2 class=\"wp-block-heading\" id=\"h-destinos-nacionales-un-100-mas-caros\">Destinos nacionales un 100% m\u00e1s caros<\/h2>\n\n\n\n<p>Las consultas para vacacionar en destinos nacionales comenzaron a recibirse desde agosto hasta la fecha. El mayor inconveniente que presentaban los operadores tur\u00edsticos era que no hab\u00eda tarifas oficiales.<\/p>\n\n\n\n<p><em>\u201cA\u00f1os atr\u00e1s, a mediados de septiembre ya estaban los precios para las vacaciones, este a\u00f1o hubo un retraso considerable y entendemos que es producto del panorama que atraviesa el pa\u00eds\u201d,\u00a0<\/em>coment\u00f3 Anabela.<\/p>\n\n\n\n<p>Sobre los valores que se vienen, la agente de viajes manifest\u00f3 que&nbsp;<em>\u201cllegan un 100% m\u00e1s caro\u201d&nbsp;<\/em>que el a\u00f1o pasado, en tanto,&nbsp;<mark>los destinos m\u00e1s elegidos por los mendocinos que han consultado son Mar del Plata, Villa Gesell y Miramar.<\/mark><\/p>\n\n\n\n<p>En el caso de los que deseen vacacionar en<strong>\u00a0Mar del Plata<\/strong>\u00a0tendr\u00e1n que disponer de\u00a0<mark>190 mil pesos aproximadamente por persona.\u00a0<\/mark>El importe incluye traslado, desayuno y estad\u00eda en un hotel 3 estrellas. En total son 10 d\u00edas y 7 noches.<\/p>\n\n\n\n<p>La misma cantidad de d\u00edas a&nbsp;<strong>Villa Gesell&nbsp;<\/strong>tiene una tarifa que asciende a&nbsp;<mark>230 mil pesos<\/mark>&nbsp;por persona e incluye traslado, desayuno y estad\u00eda en un hotel 3 estrellas.<\/p>\n\n\n\n<p>En tanto, los que deseen viajar a&nbsp;<strong>Miramar<\/strong>&nbsp;podr\u00e1n abonar&nbsp;<mark>desde 243 mil pesos&nbsp;<\/mark>y el servicio incluye media pensi\u00f3n, estad\u00eda en un hotel 3 estrellas y traslado.<\/p>\n\n\n\n<p><em>\u201cPor el momento lo que la gente est\u00e1 haciendo es se\u00f1ar el importe y en diez o veinte d\u00edas cancelan la operaci\u00f3n. Todos est\u00e1n preocupados por el tema d\u00f3lar, pero al menos estos destinos cotizan en peso argentino\u201d,<\/em>&nbsp;coment\u00f3 la agente de viaje consultada.<\/p>\n\n\n\n<p>Los que prefieren irse en auto o micro y alquilar directamente alg\u00fan departamento en Mar del Plata deber\u00e1n saber que&nbsp;<mark>los precios de los alquileres cuestan un 150% m\u00e1s que en el 2023.<\/mark><\/p>\n\n\n\n<p>Por lo que un inmueble de un ambiente para dos o tres personas tiene un costo que va desde los\u00a0<mark>100 mil pesos por semana.\u00a0<\/mark>En tanto, de dos ambientes, para tres o cuatro personas, el precio arranca en los 150 mil pesos por semana.<\/p>\n\n\n\n<h2 class=\"wp-block-heading\">Viajes al exterior, s\u00f3lo en d\u00f3lares<\/h2>\n\n\n\n<p>Otra de las consultas que est\u00e1n realizando varios mendocinos tiene que ver con los viajes al exterior. Los destinos m\u00e1s elegidos son:&nbsp;<strong><mark>Caribe, Estados Unidos (Miami) y Brasil.<\/mark><\/strong><\/p>\n\n\n\n<p>Estos destinos s\u00f3lo se pagan en d\u00f3lares, por lo que tras el anuncio de la unificaci\u00f3n de los tipos de cambio, hubo mucha incertidumbre entre los clientes.<\/p>\n\n\n\n<p><em>\u201cMuchos fueron notificados el lunes acerca de lo que iba a ocurrir este martes y se acercaron para cancelar la totalidad del viaje en pesos, otros se acercaron para conocer las nuevas condiciones y modalidades de pago. Pero lo cierto es que m\u00e1s all\u00e1 de la incertidumbre reinante, no se cay\u00f3 ninguna operaci\u00f3n\u201d,\u00a0<\/em>cont\u00f3\u00a0<strong>Sergio Maximiliano Cornejo<\/strong>\u00a0<strong>de ISC.<\/strong><\/p>\n\n\n\n<p>En cuanto a los valores, el empresario cont\u00f3 que&nbsp;<strong>Miami&nbsp;<\/strong>es el destino m\u00e1s costoso (unos cuatro mil d\u00f3lares por persona), ir a&nbsp;<strong>Brasil&nbsp;<\/strong>tiene un precio que arranca en los 1.500 d\u00f3lares por persona y el&nbsp;<strong>Caribe<\/strong>&nbsp;(all inclusive) cuesta entre 2.500 y 3 mil d\u00f3lares.<\/p>\n\n\n\n<p>\u201cTambi\u00e9n hay lugares como Florian\u00f3polis que yendo en micro, con media pensi\u00f3n tiene un costo de 890 d\u00f3lares. Esto implica 14 d\u00edas y 9 noches\u201d, cont\u00f3 Ojeda y recalc\u00f3 que solo se recibe el pago en d\u00f3lr billete.<\/p>\n\n\n\n<h2 class=\"wp-block-heading\">Expectativas en Mendoza<\/h2>\n\n\n\n<p>Mientras algunos buscan destinos nacionales e internacionales, otros se inclinan por vacacionar dentro de la provincia, uno de los lugares m\u00e1s elegidos por los argentinos a lo largo de todo el a\u00f1o.<\/p>\n\n\n\n<p>Tal como ocurre en el pa\u00eds, en la provincia los operadores tur\u00edsticos a\u00fan no cuentan con las tarifas oficiales.&nbsp;<mark>Pese a que ya hay muchas consultas, la mayor\u00eda de los principales destinos promete tener definidos los valores luego de las elecciones.<\/mark><\/p>\n\n\n\n<p>Pese a ello, en el&nbsp;<strong>Valle de Uco,<\/strong>&nbsp;por ejemplo, el panorama que se vive es de mucha incertidumbre y,&nbsp;<mark>la mayor\u00eda de las caba\u00f1as se ofrecen en d\u00f3lares.<\/mark><\/p>\n\n\n\n<p><strong>Diego Stortini,<\/strong>\u00a0de la C\u00e1mara de Turismo de Tunuy\u00e1n y vicepresidente de la Federaci\u00f3n Econ\u00f3mica Mendoza (FEM) manifest\u00f3 que \u201chay mucha ansiedad por parte de los turistas por cerrar una reserva para las vacaciones 2024, pero nadie lo hace por falta de tarifas\u201d.<\/p>\n\n\n\n<p>Asimismo, cont\u00f3 que \u201cla financiaci\u00f3n no existe y el mercado est\u00e1 dolarizado, pero no s\u00f3lo en materia tur\u00edstica, sino en todos los \u00e1mbitos de la econom\u00eda, es decir, el precio cambia todos los d\u00edas y eso genera mayor ansiedad\u201d.<\/p>\n\n\n\n<p>En cuanto a las perspectivas para el verano 2024, el empresario cont\u00f3 que no son buenas: \u201cHace m\u00e1s de 20 a\u00f1os que trabajo en el rubro y jam\u00e1s he visto la crisis que atraviesa el sector este a\u00f1o\u201d.<\/p>\n\n\n\n<p><em>\u201cHay empresarios que est\u00e1n optando por no alquilar hasta noviembre o diciembre para ver qu\u00e9 pasa con el pa\u00eds. En el fondo, el que lo puede hacer es una medida inteligente. Pese a ello, lo que se comercializa hoy est\u00e1 todo en d\u00f3lares\u201d,&nbsp;<\/em>sentenci\u00f3<\/p>\n\n\n\n<p>En cuanto a la estad\u00eda promedio que la gente pide para alquilar, Stortini cont\u00f3 que\u00a0<em>\u201cluego de la pandemia de coronavirus, la gente lo que hace es tomarse micro vacaciones a lo largo de todo el a\u00f1o\u201d\u00a0<\/em>y que<em>\u00a0\u201cson pocas las familias que reservan una semana completa\u201d.<\/em><\/p>\n\n\n\n<p>En&nbsp;<strong>San Rafael&nbsp;<\/strong>el panorama es tambi\u00e9n de mucha incertidumbre y si bien&nbsp;<mark>hay algunos que est\u00e1n optando por colocar tarifas en d\u00f3lares&nbsp;<\/mark>a la hora de alquilar,&nbsp;<mark>otros, en cambio, piden abonar el 100% al momento de la reserva<\/mark>, esto permite que el precio se respete hasta el verano.<\/p>\n\n\n\n<p><strong>Fabio Sat,\u00a0<\/strong>de la C\u00e1mara de Turismo de San Rafael,<strong>\u00a0<\/strong>asegur\u00f3 que\u00a0<em>\u201cen otras oportunidades hab\u00eda un panorama, hoy no hay nada m\u00e1s que incertidumbre, no se sabe qu\u00e9 pasar\u00e1 despu\u00e9s del 10 de diciembre\u201d.\u00a0<\/em>Por ello, -explica-\u00a0<em>\u201cla \u00fanica que les queda a los operadores es cobrar el 100% y transformar ese dinero en moneda extranjera o hacer inversiones y as\u00ed asegurar el verano\u201d.<\/em><\/p>\n\n\n\n<p><em>\u201cPese a este contexto, la gente intentar\u00e1 relajarse y saldr\u00e1 a veranear, eso favorecer\u00e1 a San Rafael, ya que estimamos que ser\u00e1n muchos los visitantes nacionales que arribar\u00e1n al departamento\u201d<\/em>, cerr\u00f3 el empresario.<\/p>\n\n\n\n<p><strong>Fuente: www.elsol.com.ar<\/strong><\/p>\n","protected":false},"excerpt":{"rendered":"<p>En menos de tres meses arrancan las&nbsp;vacaciones 2024&nbsp;y son muchos los&nbsp;mendocinos&nbsp;que pese a la&nbsp;incertidumbre reinante en el pa\u00eds, con una inflaci\u00f3n por las nubes y un d\u00f3lar que no deja de trepar y que pas\u00f3 los $1000, ans\u00edan poder descansar unos d\u00edas. En medio de ese panorama,\u00a0algunas agencias de viajes ya comenzaron a vender sus [&hellip;]<\/p>\n","protected":false},"author":2,"featured_media":2149,"comment_status":"open","ping_status":"open","sticky":false,"template":"","format":"standard","meta":[],"categories":[64],"tags":[],"_links":{"self":[{"href":"https:\/\/pasaenmendoza.com\/index.php?rest_route=\/wp\/v2\/posts\/2148"}],"collection":[{"href":"https:\/\/pasaenmendoza.com\/index.php?rest_route=\/wp\/v2\/posts"}],"about":[{"href":"https:\/\/pasaenmendoza.com\/index.php?rest_route=\/wp\/v2\/types\/post"}],"author":[{"embeddable":true,"href":"https:\/\/pasaenmendoza.com\/index.php?rest_route=\/wp\/v2\/users\/2"}],"replies":[{"embeddable":true,"href":"https:\/\/pasaenmendoza.com\/index.php?rest_route=%2Fwp%2Fv2%2Fcomments&post=2148"}],"version-history":[{"count":1,"href":"https:\/\/pasaenmendoza.com\/index.php?rest_route=\/wp\/v2\/posts\/2148\/revisions"}],"predecessor-version":[{"id":2150,"href":"https:\/\/pasaenmendoza.com\/index.php?rest_route=\/wp\/v2\/posts\/2148\/revisions\/2150"}],"wp:featuredmedia":[{"embeddable":true,"href":"https:\/\/pasaenmendoza.com\/index.php?rest_route=\/wp\/v2\/media\/2149"}],"wp:attachment":[{"href":"https:\/\/pasaenmendoza.com\/index.php?rest_route=%2Fwp%2Fv2%2Fmedia&parent=2148"}],"wp:term":[{"taxonomy":"category","embeddable":true,"href":"https:\/\/pasaenmendoza.com\/index.php?rest_route=%2Fwp%2Fv2%2Fcategories&post=2148"},{"taxonomy":"post_tag","embeddable":true,"href":"https:\/\/pasaenmendoza.com\/index.php?rest_route=%2Fwp%2Fv2%2Ftags&post=2148"}],"curies":[{"name":"wp","href":"https:\/\/api.w.org\/{rel}","templated":true}]}}