{"id":2151,"date":"2023-10-11T22:05:05","date_gmt":"2023-10-11T20:05:05","guid":{"rendered":"https:\/\/pasaenmendoza.com\/?p=2151"},"modified":"2023-10-11T22:05:06","modified_gmt":"2023-10-11T20:05:06","slug":"confeso-que-mato-a-un-obrero-rural-para-robarle-una-moto-y-lo-condenaron-a-28-anos-de-carcel","status":"publish","type":"post","link":"https:\/\/pasaenmendoza.com\/?p=2151","title":{"rendered":"Confes\u00f3 que mat\u00f3 a un obrero rural para robarle una moto y lo condenaron a 28 a\u00f1os de c\u00e1rcel"},"content":{"rendered":"\n<p>El viernes 20 de este mes se cumplir\u00e1 medio a\u00f1o desde que<strong>\u00a0Juan Vela N\u00fa\u00f1ez<\/strong>\u00a0(30) fue asesinado de un balazo por un delincuente que ingres\u00f3 a su casa de<strong>\u00a0Puente de Hierro<\/strong>,\u00a0<strong>Guaymall\u00e9n<\/strong>, para robarle la moto. Desde un primer momento,\u00a0<strong>Ricardo Alfredo Osorio Moyano<\/strong>\u00a0(34), un malviviente de la zona apodado el\u00a0<em>Viol\u00edn<\/em>, qued\u00f3 marcado como el principal sospechoso del crimen y no tard\u00f3 en ser detenido: en menos de 24 horas fue atrapado y puesto a disposici\u00f3n de la Justicia.<\/p>\n\n\n\n<p>En pocos tiempo, pr\u00e1cticamente con la misma celeridad con la que fue capturado, la causa termin\u00f3 por resolverse este mi\u00e9rcoles despu\u00e9s de que\u00a0<mark>Osorio Moyano fue condenado mediante un juicio abreviado inicial en el que confes\u00f3 haber matado a Vela en el marco de un hecho de<\/mark><strong><mark>\u00a0inseguridad<\/mark>.<\/strong><\/p>\n\n\n\n<p>El\u00a0<em>Viol\u00edn\u00a0<\/em>resolvi\u00f3 su situaci\u00f3n mediante el acuerdo entre su defensa y el fiscal de Homicidios\u00a0<strong>Gustavo Pirrello<\/strong>, quien lider\u00f3 la investigaci\u00f3n.<\/p>\n\n\n\n<p>Ese pacto entre las partes fue homologado por la jueza<strong>\u00a0Sonia Yornet<\/strong>, quien\u00a0<mark>lo sentenci\u00f3 a la pena de 28 a\u00f1os de encierro por el delito de\u00a0<strong>homicidio en ocasi\u00f3n de robo\u00a0<\/strong>agravado por el uso de arma de fuego.<\/mark><\/p>\n\n\n\n<p>En la previa, hubo un cambio de calificaci\u00f3n, ya que, inicialmente, Osorio Moyano hab\u00eda sido imputado por\u00a0<strong>homicidio criminis causa<\/strong>, es decir, matar para alcanzar la impunidad o consumar otro delito, en este caso el robo. Con esa acusaci\u00f3n arriesgaba la pena a prisi\u00f3n perpetua.<\/p>\n\n\n\n<p>Pero el\u00a0<em>Viol\u00edn\u00a0<\/em>termin\u00f3 zafando de una posible condena a la pena m\u00e1xima y tambi\u00e9n de enfrentar en un futuro pr\u00f3ximo a un jurado popular, con toda la exposici\u00f3n que conlleva ese tipo de procesos. Es m\u00e1s, tambi\u00e9n consigui\u00f3 incluir dentro de la sentencia una serie de expedientes por otros delitos que acarreaba desde antes de perpetrar el<strong>\u00a0asalto fatal<\/strong>.<\/p>\n\n\n\n<p>Eso s\u00ed,\u00a0<mark>el acuerdo incluy\u00f3 la declaraci\u00f3n de reincidencia a Osorio Moyano, ya que contaba con condenas previas<\/mark>. Debido a eso, no tendr\u00e1 la posibilidad de acceder a ning\u00fan tipo de beneficio que le permitan acortar su estad\u00eda carcelaria.<\/p>\n\n\n\n<p>En solitario<\/p>\n\n\n\n<p>La reconstrucci\u00f3n que realizaron los detectives del caso sostiene que alrededor de las 20 del jueves 20 de abril, Juan Vela hac\u00eda algunas refacciones en el domicilio del\u00a0<strong>loteo Quatrini\u00a0<\/strong>donde viv\u00eda junto a su pareja y su peque\u00f1a hija, aprovechando que ese d\u00eda tuvo que ir a trabajar.<\/p>\n\n\n\n<p>Al mismo tiempo, su esposa y la ni\u00f1a de 2 a\u00f1os se encontraban en una casa contigua donde residen los padres de ella, pero a la citada hora la mujer\u00a0<mark>oy\u00f3 una detonaci\u00f3n de arma de fuego que la atemoriz\u00f3, ya que proven\u00eda desde su vivienda<\/mark>.<\/p>\n\n\n\n<p>La mujer fue r\u00e1pidamente hasta el inmueble familiar y\u00a0<mark>hall\u00f3 a su marido herido en un patio interno. Vela presentaba una lesi\u00f3n de arma de fuego en el pecho y estaba perdiendo una importante cantidad de sangre.<\/mark><\/p>\n\n\n\n<p>Pese a que fue trasladado en cuesti\u00f3n de minutos a bordo de un veh\u00edculo particular hasta el&nbsp;<strong>microhospital Puente de hierro<\/strong>, ubicado a unos 200 metros hacia el oeste, nada pudieron hacer los m\u00e9dicos para salvarle la vida y falleci\u00f3 en la guardia del nosocomio.<\/p>\n\n\n\n<p>Los trabajos policiales en la escena permitieron determinar que el autor\u00a0<mark>hab\u00eda actuado en solitario y se llev\u00f3 una<strong>\u00a0Gilera 200cc\u00a0<\/strong>negra que Vela utilizaba para movilizarse<\/mark>, especialmente cuando ten\u00eda que ir a trabajar como obrero rural en fincas y chacras ese sector guaymallino.<\/p>\n\n\n\n<p>Un testigo permiti\u00f3 encaminar la pesquisa, ya que asegur\u00f3 haber visto al\u00a0<em>Viol\u00edn\u00a0<\/em>Osorio Moyano llev\u00e1ndose la moto de Vela. Incluso, el asaltante tuvo que pasar frente a la\u00a0<strong>subcomisar\u00eda Puente de Hierro\u00a0<\/strong>al escapar de la escena, puesto que la misma se encuentra a unos 100 metros hacia el oeste.<\/p>\n\n\n\n<p>Lo cierto es que, durante un rastrillaje practicado en las horas posteriores al hecho de sangre, se hall\u00f3 el rodado sustra\u00eddo, abandonado en un descampado, con faltante de algunas partes.<\/p>\n\n\n\n<p>Mientras que en la ma\u00f1ana del d\u00eda siguiente, los sabuesos de Investigaciones localizaron a Osorio Moyano y lo detuvieron. Casi medio a\u00f1o despu\u00e9s, termin\u00f3 por admitir el crimen que le endilgaban y este mi\u00e9rcoles fue condenado.<\/p>\n\n\n\n<p><strong>Fuente: www.elsol.com.ar<\/strong><\/p>\n","protected":false},"excerpt":{"rendered":"<p>El viernes 20 de este mes se cumplir\u00e1 medio a\u00f1o desde que\u00a0Juan Vela N\u00fa\u00f1ez\u00a0(30) fue asesinado de un balazo por un delincuente que ingres\u00f3 a su casa de\u00a0Puente de Hierro,\u00a0Guaymall\u00e9n, para robarle la moto. Desde un primer momento,\u00a0Ricardo Alfredo Osorio Moyano\u00a0(34), un malviviente de la zona apodado el\u00a0Viol\u00edn, qued\u00f3 marcado como el principal sospechoso del [&hellip;]<\/p>\n","protected":false},"author":2,"featured_media":2152,"comment_status":"open","ping_status":"open","sticky":false,"template":"","format":"standard","meta":[],"categories":[48],"tags":[],"_links":{"self":[{"href":"https:\/\/pasaenmendoza.com\/index.php?rest_route=\/wp\/v2\/posts\/2151"}],"collection":[{"href":"https:\/\/pasaenmendoza.com\/index.php?rest_route=\/wp\/v2\/posts"}],"about":[{"href":"https:\/\/pasaenmendoza.com\/index.php?rest_route=\/wp\/v2\/types\/post"}],"author":[{"embeddable":true,"href":"https:\/\/pasaenmendoza.com\/index.php?rest_route=\/wp\/v2\/users\/2"}],"replies":[{"embeddable":true,"href":"https:\/\/pasaenmendoza.com\/index.php?rest_route=%2Fwp%2Fv2%2Fcomments&post=2151"}],"version-history":[{"count":1,"href":"https:\/\/pasaenmendoza.com\/index.php?rest_route=\/wp\/v2\/posts\/2151\/revisions"}],"predecessor-version":[{"id":2153,"href":"https:\/\/pasaenmendoza.com\/index.php?rest_route=\/wp\/v2\/posts\/2151\/revisions\/2153"}],"wp:featuredmedia":[{"embeddable":true,"href":"https:\/\/pasaenmendoza.com\/index.php?rest_route=\/wp\/v2\/media\/2152"}],"wp:attachment":[{"href":"https:\/\/pasaenmendoza.com\/index.php?rest_route=%2Fwp%2Fv2%2Fmedia&parent=2151"}],"wp:term":[{"taxonomy":"category","embeddable":true,"href":"https:\/\/pasaenmendoza.com\/index.php?rest_route=%2Fwp%2Fv2%2Fcategories&post=2151"},{"taxonomy":"post_tag","embeddable":true,"href":"https:\/\/pasaenmendoza.com\/index.php?rest_route=%2Fwp%2Fv2%2Ftags&post=2151"}],"curies":[{"name":"wp","href":"https:\/\/api.w.org\/{rel}","templated":true}]}}