{"id":2154,"date":"2023-10-11T22:08:08","date_gmt":"2023-10-11T20:08:08","guid":{"rendered":"https:\/\/pasaenmendoza.com\/?p=2154"},"modified":"2023-10-11T22:08:08","modified_gmt":"2023-10-11T20:08:08","slug":"detuvieron-a-un-hombre-con-un-inhibidor-de-senal-en-guaymallen","status":"publish","type":"post","link":"https:\/\/pasaenmendoza.com\/?p=2154","title":{"rendered":"Detuvieron a un hombre con un inhibidor de se\u00f1al en Guaymall\u00e9n"},"content":{"rendered":"\n<p>\u00a0En una operaci\u00f3n llevada a cabo por personal de la Unidad Motorizada de Acci\u00f3n R\u00e1pida (U.M.A.R.) en\u00a0<strong>Guaymall\u00e9n<\/strong>, la Polic\u00eda detuvo a D. Z., de 32 a\u00f1os, despu\u00e9s que una mujer lo se\u00f1alara por estar acusado de distintos delitos.<\/p>\n\n\n\n<p>El incidente tuvo lugar en la intersecci\u00f3n de la Calle Bandera de Los Andes y Avellaneda, donde una ciudadana alert\u00f3 a los agentes sobre la presencia de un individuo que conduc\u00eda una motocicleta marca Zanella, y que supuestamente estar\u00eda involucrado en diversos hechos il\u00edcitos.<\/p>\n\n\n\n<p>En respuesta a la alerta ciudadana, los agentes procedieron a detener la marcha de la motocicleta en cuesti\u00f3n. Durante el registro del individuo, se descubri\u00f3 un inhibidor de se\u00f1al en su posesi\u00f3n, lo que llev\u00f3 a que sea inmediatamente\u00a0<strong>detenido<\/strong>. Adem\u00e1s del dispositivo, le secuestraron la moto.<\/p>\n\n\n\n<p>La Oficina Fiscal N\u00b09 fue notificada e intervino en el caso para llevar adelante las acciones legales correspondientes.\u00a0<\/p>\n\n\n\n<p><strong>Fuente: www.mendozapost.com<\/strong><\/p>\n","protected":false},"excerpt":{"rendered":"<p>\u00a0En una operaci\u00f3n llevada a cabo por personal de la Unidad Motorizada de Acci\u00f3n R\u00e1pida (U.M.A.R.) en\u00a0Guaymall\u00e9n, la Polic\u00eda detuvo a D. Z., de 32 a\u00f1os, despu\u00e9s que una mujer lo se\u00f1alara por estar acusado de distintos delitos. El incidente tuvo lugar en la intersecci\u00f3n de la Calle Bandera de Los Andes y Avellaneda, donde [&hellip;]<\/p>\n","protected":false},"author":2,"featured_media":2155,"comment_status":"open","ping_status":"open","sticky":false,"template":"","format":"standard","meta":[],"categories":[48],"tags":[],"_links":{"self":[{"href":"https:\/\/pasaenmendoza.com\/index.php?rest_route=\/wp\/v2\/posts\/2154"}],"collection":[{"href":"https:\/\/pasaenmendoza.com\/index.php?rest_route=\/wp\/v2\/posts"}],"about":[{"href":"https:\/\/pasaenmendoza.com\/index.php?rest_route=\/wp\/v2\/types\/post"}],"author":[{"embeddable":true,"href":"https:\/\/pasaenmendoza.com\/index.php?rest_route=\/wp\/v2\/users\/2"}],"replies":[{"embeddable":true,"href":"https:\/\/pasaenmendoza.com\/index.php?rest_route=%2Fwp%2Fv2%2Fcomments&post=2154"}],"version-history":[{"count":1,"href":"https:\/\/pasaenmendoza.com\/index.php?rest_route=\/wp\/v2\/posts\/2154\/revisions"}],"predecessor-version":[{"id":2156,"href":"https:\/\/pasaenmendoza.com\/index.php?rest_route=\/wp\/v2\/posts\/2154\/revisions\/2156"}],"wp:featuredmedia":[{"embeddable":true,"href":"https:\/\/pasaenmendoza.com\/index.php?rest_route=\/wp\/v2\/media\/2155"}],"wp:attachment":[{"href":"https:\/\/pasaenmendoza.com\/index.php?rest_route=%2Fwp%2Fv2%2Fmedia&parent=2154"}],"wp:term":[{"taxonomy":"category","embeddable":true,"href":"https:\/\/pasaenmendoza.com\/index.php?rest_route=%2Fwp%2Fv2%2Fcategories&post=2154"},{"taxonomy":"post_tag","embeddable":true,"href":"https:\/\/pasaenmendoza.com\/index.php?rest_route=%2Fwp%2Fv2%2Ftags&post=2154"}],"curies":[{"name":"wp","href":"https:\/\/api.w.org\/{rel}","templated":true}]}}