{"id":2157,"date":"2023-10-11T22:11:49","date_gmt":"2023-10-11T20:11:49","guid":{"rendered":"https:\/\/pasaenmendoza.com\/?p=2157"},"modified":"2023-10-11T22:11:50","modified_gmt":"2023-10-11T20:11:50","slug":"un-alumno-de-15-anos-llevo-un-arma-a-su-colegio-de-godoy-cruz-y-amenazo-a-los-companeros","status":"publish","type":"post","link":"https:\/\/pasaenmendoza.com\/?p=2157","title":{"rendered":"Un alumno de 15 a\u00f1os llev\u00f3 un arma a su colegio de Godoy Cruz y amenaz\u00f3 a los compa\u00f1eros"},"content":{"rendered":"\n<p><mark>Un estudiante de 15 a\u00f1os llev\u00f3 este mi\u00e9rcoles por la ma\u00f1ana un rev\u00f3lver calibre 32\u00a0<\/mark>al colegio donde cursa en Godoy Cruz, ubicado sobre calles 9 de Julio y Rawson, y amenaz\u00f3 a un grupo de compa\u00f1eros por causas que son motivo de investigaci\u00f3n.<\/p>\n\n\n\n<p>Esta situaci\u00f3n que motiv\u00f3 a las autoridades del establecimiento educativo llamar al 911 para alertar a la polic\u00eda y la Justicia. Una movilidad de la\u00a0<strong>Comisar\u00eda 52\u00aa<\/strong>\u00a0lleg\u00f3 hasta el edificio y hall\u00f3 el arma luego de un rastrillaje en las zonas aleda\u00f1as y tambi\u00e9n los techos. Se trat\u00f3 de un\u00a0<strong>rev\u00f3lver de seis alv\u00e9olos y con una munici\u00f3n en el tambor.<\/strong><\/p>\n\n\n\n<p>La informaci\u00f3n a la que accedi\u00f3\u00a0<strong><em>El Sol<\/em><\/strong>\u00a0sostiene que el llamado de los docentes del colegio secundario\u00a0<strong>Ra\u00fal Escalabrini Ortiz\u00a0<\/strong>ingres\u00f3 al CEO minutos antes de 10. Fuentes policiales y judiciales confirmaron que notificaban sobre un estudiante hab\u00eda ingresado con un arma de fuego y algunos compa\u00f1eros hab\u00edan sido amedrentados.<\/p>\n\n\n\n<p>Hasta esta situaci\u00f3n, los efectivos arribaron a los pocos minutos para realizar una requisa interna a los adolescentes, quien accedieron por su propia voluntad a mostrar sus pertenencias.<\/p>\n\n\n\n<p>Los resultados de la inspecci\u00f3n resultaron negativos. Sin embargo,<mark>\u00a0los efectivos supieron por los testigos qui\u00e9n hab\u00eda sido el joven que portaba el arma de fuego.<\/mark><\/p>\n\n\n\n<p>Lo identificaron\u00a0<strong>\u2013tiene 15 a\u00f1os y es del barrio La Gloria-<\/strong>\u00a0y los directivos del colegio tomaron contacto con su familia, a\u00f1adieron las fuentes. Mientras esto suced\u00eda, el personal policial de la citada dependencia desarroll\u00f3 la b\u00fasqueda del arma en el exterior y en los techos y dieron en este \u00faltimo sector con un rev\u00f3lver plateado.<\/p>\n\n\n\n<p>El arma, marca\u00a0<strong>Smith &amp; Wesson<\/strong>\u00a0calibre 32 largo de seis alv\u00e9olos y con una munici\u00f3n (ser\u00eda una vaina), qued\u00f3 a disposici\u00f3n de la Justicia.<\/p>\n\n\n\n<p>Por su parte,\u00a0<mark>el menor qued\u00f3 a disposici\u00f3n de los Equipos T\u00e9cnicos Interdisciplinarios (ETI) y sus progenitores<\/mark>.<\/p>\n\n\n\n<p><strong>Fuente: www.elsol.com.ar<\/strong><\/p>\n","protected":false},"excerpt":{"rendered":"<p>Un estudiante de 15 a\u00f1os llev\u00f3 este mi\u00e9rcoles por la ma\u00f1ana un rev\u00f3lver calibre 32\u00a0al colegio donde cursa en Godoy Cruz, ubicado sobre calles 9 de Julio y Rawson, y amenaz\u00f3 a un grupo de compa\u00f1eros por causas que son motivo de investigaci\u00f3n. Esta situaci\u00f3n que motiv\u00f3 a las autoridades del establecimiento educativo llamar al [&hellip;]<\/p>\n","protected":false},"author":2,"featured_media":2158,"comment_status":"open","ping_status":"open","sticky":false,"template":"","format":"standard","meta":[],"categories":[48],"tags":[],"_links":{"self":[{"href":"https:\/\/pasaenmendoza.com\/index.php?rest_route=\/wp\/v2\/posts\/2157"}],"collection":[{"href":"https:\/\/pasaenmendoza.com\/index.php?rest_route=\/wp\/v2\/posts"}],"about":[{"href":"https:\/\/pasaenmendoza.com\/index.php?rest_route=\/wp\/v2\/types\/post"}],"author":[{"embeddable":true,"href":"https:\/\/pasaenmendoza.com\/index.php?rest_route=\/wp\/v2\/users\/2"}],"replies":[{"embeddable":true,"href":"https:\/\/pasaenmendoza.com\/index.php?rest_route=%2Fwp%2Fv2%2Fcomments&post=2157"}],"version-history":[{"count":1,"href":"https:\/\/pasaenmendoza.com\/index.php?rest_route=\/wp\/v2\/posts\/2157\/revisions"}],"predecessor-version":[{"id":2159,"href":"https:\/\/pasaenmendoza.com\/index.php?rest_route=\/wp\/v2\/posts\/2157\/revisions\/2159"}],"wp:featuredmedia":[{"embeddable":true,"href":"https:\/\/pasaenmendoza.com\/index.php?rest_route=\/wp\/v2\/media\/2158"}],"wp:attachment":[{"href":"https:\/\/pasaenmendoza.com\/index.php?rest_route=%2Fwp%2Fv2%2Fmedia&parent=2157"}],"wp:term":[{"taxonomy":"category","embeddable":true,"href":"https:\/\/pasaenmendoza.com\/index.php?rest_route=%2Fwp%2Fv2%2Fcategories&post=2157"},{"taxonomy":"post_tag","embeddable":true,"href":"https:\/\/pasaenmendoza.com\/index.php?rest_route=%2Fwp%2Fv2%2Ftags&post=2157"}],"curies":[{"name":"wp","href":"https:\/\/api.w.org\/{rel}","templated":true}]}}