{"id":2160,"date":"2023-10-11T22:13:45","date_gmt":"2023-10-11T20:13:45","guid":{"rendered":"https:\/\/pasaenmendoza.com\/?p=2160"},"modified":"2023-10-11T22:13:46","modified_gmt":"2023-10-11T20:13:46","slug":"accidente-en-pleno-centro-un-auto-atropello-a-una-mujer","status":"publish","type":"post","link":"https:\/\/pasaenmendoza.com\/?p=2160","title":{"rendered":"Accidente en pleno centro: un auto atropell\u00f3 a una mujer"},"content":{"rendered":"\n<p>En la ma\u00f1ana de este mi\u00e9rcoles, se registr\u00f3 un accidente de tr\u00e1nsito en la intersecci\u00f3n de calles\u00a0<strong>Per\u00fa<\/strong>\u00a0y\u00a0<strong>Col\u00f3n<\/strong>, de\u00a0<strong>Ciudad.\u00a0<\/strong><\/p>\n\n\n\n<p>Un autom\u00f3vil\u00a0<strong>Renault Sandero,\u00a0<\/strong>conducido por Patricia Susana Heiligmann, atropell\u00f3 a una joven peatona de aproximadamente 22 a\u00f1os, que se dirig\u00eda hacia su lugar de trabajo. La v\u00edctima, identificada como Julieta Valentina, sufri\u00f3 lesiones leves en la zona de la cadera como resultado del impacto, seg\u00fan report\u00f3 el Ministerio de Seguridad.<\/p>\n\n\n\n<p>Seg\u00fan palabras de la conductora del veh\u00edculo, dijo que se encontraba detenida esperando que los peatones cruzaran, la joven pas\u00f3 por el costado, por tal motivo no la vio al momento de arrancar y en esas circunstancias se produjo el accidente.<\/p>\n\n\n\n<p>Personal de tr\u00e1nsito de Ciudad llevaron a cabo una investigaci\u00f3n para determinar las circunstancias exactas que llevaron a este incidente y evaluar si se aplican cargos contra la conductora.\u00a0<\/p>\n\n\n\n<p><strong>Fuente: www.mendozapost.com.ar<\/strong><\/p>\n","protected":false},"excerpt":{"rendered":"<p>En la ma\u00f1ana de este mi\u00e9rcoles, se registr\u00f3 un accidente de tr\u00e1nsito en la intersecci\u00f3n de calles\u00a0Per\u00fa\u00a0y\u00a0Col\u00f3n, de\u00a0Ciudad.\u00a0 Un autom\u00f3vil\u00a0Renault Sandero,\u00a0conducido por Patricia Susana Heiligmann, atropell\u00f3 a una joven peatona de aproximadamente 22 a\u00f1os, que se dirig\u00eda hacia su lugar de trabajo. La v\u00edctima, identificada como Julieta Valentina, sufri\u00f3 lesiones leves en la zona de [&hellip;]<\/p>\n","protected":false},"author":2,"featured_media":2161,"comment_status":"open","ping_status":"open","sticky":false,"template":"","format":"standard","meta":[],"categories":[48],"tags":[],"_links":{"self":[{"href":"https:\/\/pasaenmendoza.com\/index.php?rest_route=\/wp\/v2\/posts\/2160"}],"collection":[{"href":"https:\/\/pasaenmendoza.com\/index.php?rest_route=\/wp\/v2\/posts"}],"about":[{"href":"https:\/\/pasaenmendoza.com\/index.php?rest_route=\/wp\/v2\/types\/post"}],"author":[{"embeddable":true,"href":"https:\/\/pasaenmendoza.com\/index.php?rest_route=\/wp\/v2\/users\/2"}],"replies":[{"embeddable":true,"href":"https:\/\/pasaenmendoza.com\/index.php?rest_route=%2Fwp%2Fv2%2Fcomments&post=2160"}],"version-history":[{"count":1,"href":"https:\/\/pasaenmendoza.com\/index.php?rest_route=\/wp\/v2\/posts\/2160\/revisions"}],"predecessor-version":[{"id":2162,"href":"https:\/\/pasaenmendoza.com\/index.php?rest_route=\/wp\/v2\/posts\/2160\/revisions\/2162"}],"wp:featuredmedia":[{"embeddable":true,"href":"https:\/\/pasaenmendoza.com\/index.php?rest_route=\/wp\/v2\/media\/2161"}],"wp:attachment":[{"href":"https:\/\/pasaenmendoza.com\/index.php?rest_route=%2Fwp%2Fv2%2Fmedia&parent=2160"}],"wp:term":[{"taxonomy":"category","embeddable":true,"href":"https:\/\/pasaenmendoza.com\/index.php?rest_route=%2Fwp%2Fv2%2Fcategories&post=2160"},{"taxonomy":"post_tag","embeddable":true,"href":"https:\/\/pasaenmendoza.com\/index.php?rest_route=%2Fwp%2Fv2%2Ftags&post=2160"}],"curies":[{"name":"wp","href":"https:\/\/api.w.org\/{rel}","templated":true}]}}