{"id":2163,"date":"2023-10-12T14:05:17","date_gmt":"2023-10-12T12:05:17","guid":{"rendered":"https:\/\/pasaenmendoza.com\/?p=2163"},"modified":"2023-10-12T14:05:18","modified_gmt":"2023-10-12T12:05:18","slug":"la-otra-eleccion-que-viene-e-inquieta-en-el-poder-de-mendoza","status":"publish","type":"post","link":"https:\/\/pasaenmendoza.com\/?p=2163","title":{"rendered":"La otra elecci\u00f3n que viene e inquieta en el poder de Mendoza"},"content":{"rendered":"\n<p>En noviembre la Suprema Corte debe elegir presidente, justo antes del cambio de mando para el retorno de Alfredo Cornejo al Ejecutivo. Adem\u00e1s, entra en vigencia plena la reforma. El escenario.<\/p>\n\n\n\n<p>Pas\u00f3 la marat\u00f3n de elecciones provinciales y el poder pol\u00edtico est\u00e1 en pleno proceso de reacomodamiento. El escenario se aclara para el oficialismo y es a\u00fan confuso en la oposici\u00f3n. Pero no todo se termina en los cargos electivos. Antes del cambio de mando en el Poder Ejecutivo hay otra elecci\u00f3n m\u00e1s restringida, donde votan solo 7 personas, pero que es trascendente para la estructura de poder y de gesti\u00f3n de la provincia: la presidencia de la&nbsp;<strong>Suprema Corte de Justicia<\/strong>.&nbsp;<\/p>\n\n\n\n<p>En noviembre vence el mandato de Dalmiro Garay como jefe del Tribunal, pocos d\u00edas antes de que\u00a0<strong>Alfredo Cornejo<\/strong>\u00a0retorne a la gobernaci\u00f3n; justo quien lo nombr\u00f3 como juez y que tambi\u00e9n lo tuvo como ministro de Gobierno. Garay podr\u00eda ir por la reelecci\u00f3n, aunque a\u00fan no lo ha dicho p\u00fablicamente y al entorno de Cornejo no le desagrada esa idea por la &#8220;sinergia&#8221; que quiere mantener entre el Poder Ejecutivo, la\u00a0<strong>Corte<\/strong>\u00a0y el Ministerio P\u00fablico Fiscal. La votaci\u00f3n no ser\u00e1 sencilla si ese es el camino elegido, pues las divisiones en la\u00a0<strong>Corte<\/strong>\u00a0se mantienen y se agudizaron en algunos casos.\u00a0<\/p>\n\n\n\n<p>Habr\u00e1, incluso, m\u00e1s rosca que antes. Es que se aplicar\u00e1 por primera vez el nuevo formato para votar al Presidente de la\u00a0<strong>Corte<\/strong>, que exige una mayor\u00eda especial y &#8220;tres rondas&#8221; de votaci\u00f3n. Si en las dos primeras votaciones ning\u00fan candidato logra 5 votos a su favor, en la tercera ronda se designa por mayor\u00eda simple, es decir alcanza con 4 votos. El mecanismo es al estilo c\u00f3nclave y debe resolverse en un d\u00eda. La facha designada es el 25 de noviembre, pocos d\u00edas antes del cambio de poder en la Provincia. Esa fecha el cuarto piso de Tribunales volver\u00e1 a ser el epicentro de las miradas. &#8220;La Presidencia de la\u00a0<strong>Suprema Corte<\/strong>\u00a0de Justicia ser\u00e1 ejercida por una\/un Ministro\/a, elegida\/o en una misma jornada, por dos tercios de los\/as integrantes del Tribunal. Si luego de dos rondas de votaci\u00f3n no se llegara a un acuerdo, en tercera ronda de votaci\u00f3n podr\u00e1 ser elegida\/o por simple mayor\u00eda de votos computada sobre la totalidad de sus miembros&#8221;, dice el reglamento. Garay fue elegido con dificultades cuando lleg\u00f3 a la Presidencia. Luego, logr\u00f3 una unanimidad altamente negociada.\u00a0<\/p>\n\n\n\n<p>fuente: mdzonline.<\/p>\n","protected":false},"excerpt":{"rendered":"<p>En noviembre la Suprema Corte debe elegir presidente, justo antes del cambio de mando para el retorno de Alfredo Cornejo al Ejecutivo. Adem\u00e1s, entra en vigencia plena la reforma. El escenario. Pas\u00f3 la marat\u00f3n de elecciones provinciales y el poder pol\u00edtico est\u00e1 en pleno proceso de reacomodamiento. El escenario se aclara para el oficialismo y [&hellip;]<\/p>\n","protected":false},"author":2,"featured_media":2164,"comment_status":"open","ping_status":"open","sticky":true,"template":"","format":"standard","meta":[],"categories":[60],"tags":[],"_links":{"self":[{"href":"https:\/\/pasaenmendoza.com\/index.php?rest_route=\/wp\/v2\/posts\/2163"}],"collection":[{"href":"https:\/\/pasaenmendoza.com\/index.php?rest_route=\/wp\/v2\/posts"}],"about":[{"href":"https:\/\/pasaenmendoza.com\/index.php?rest_route=\/wp\/v2\/types\/post"}],"author":[{"embeddable":true,"href":"https:\/\/pasaenmendoza.com\/index.php?rest_route=\/wp\/v2\/users\/2"}],"replies":[{"embeddable":true,"href":"https:\/\/pasaenmendoza.com\/index.php?rest_route=%2Fwp%2Fv2%2Fcomments&post=2163"}],"version-history":[{"count":1,"href":"https:\/\/pasaenmendoza.com\/index.php?rest_route=\/wp\/v2\/posts\/2163\/revisions"}],"predecessor-version":[{"id":2165,"href":"https:\/\/pasaenmendoza.com\/index.php?rest_route=\/wp\/v2\/posts\/2163\/revisions\/2165"}],"wp:featuredmedia":[{"embeddable":true,"href":"https:\/\/pasaenmendoza.com\/index.php?rest_route=\/wp\/v2\/media\/2164"}],"wp:attachment":[{"href":"https:\/\/pasaenmendoza.com\/index.php?rest_route=%2Fwp%2Fv2%2Fmedia&parent=2163"}],"wp:term":[{"taxonomy":"category","embeddable":true,"href":"https:\/\/pasaenmendoza.com\/index.php?rest_route=%2Fwp%2Fv2%2Fcategories&post=2163"},{"taxonomy":"post_tag","embeddable":true,"href":"https:\/\/pasaenmendoza.com\/index.php?rest_route=%2Fwp%2Fv2%2Ftags&post=2163"}],"curies":[{"name":"wp","href":"https:\/\/api.w.org\/{rel}","templated":true}]}}