{"id":2166,"date":"2023-10-12T14:10:26","date_gmt":"2023-10-12T12:10:26","guid":{"rendered":"https:\/\/pasaenmendoza.com\/?p=2166"},"modified":"2023-10-12T14:10:28","modified_gmt":"2023-10-12T12:10:28","slug":"alfredo-cornejo-prepara-el-primer-aumento-salarial-a-los-estatales","status":"publish","type":"post","link":"https:\/\/pasaenmendoza.com\/?p=2166","title":{"rendered":"Alfredo Cornejo prepara el primer aumento salarial a los estatales"},"content":{"rendered":"\n<p>Los t\u00e9cnicos del Gobierno est\u00e1n definiendo de cu\u00e1nto ser\u00e1 la suba salarial que ofrecer\u00e1n en los pr\u00f3ximos d\u00edas a los gremios en un contexto de inflaci\u00f3n galopante. Los posibles porcentajes.<\/p>\n\n\n\n<p>Los<strong>\u00a0aumentos de sueldo<\/strong>\u00a0a los\u00a0<strong>estatales<\/strong>\u00a0que el Gobierno de Rodolfo Suarez acord\u00f3 con los gremios abarcan\u00a0hasta el salario de\u00a0octubre. Ahora, los t\u00e9cnicos paritarios est\u00e1n redefiniendo el cronograma para volverse a sentar a negociar aunque el\u00a0SUTE\u00a0(Sindicato Unido de Trabajadores de la Educaci\u00f3n) ir\u00e1 a la cita que qued\u00f3 pactada en la \u00faltima paritaria y es el jueves 19 de este mes para escuchar la\u00a0<strong>oferta salaria<\/strong>l para los pr\u00f3ximos meses, en un dif\u00edcil contexto inflacionario y electoral nacional donde reina la incertidumbre. Los pr\u00f3ximos acuerdos paritarios ser\u00e1n pagados casi en su totalidad por el pr\u00f3ximo gobierno, que encabezar\u00e1\u00a0<strong>Alfredo Cornejo\u00a0<\/strong>y aunque no hay definiciones, se habla de porcentajes que podr\u00edan rondar el 10% de manera escalonada, como hasta viene ocurriendo debido a que la inflaci\u00f3n es mensual.\u00a0<\/p>\n\n\n\n<p>El paso fundamental para poder definir las nuevas\u00a0<strong>actualizaciones salariales<\/strong>, es conocer esta semana cu\u00e1l ser\u00e1 el \u00edndice de inflaci\u00f3n. Luego de este punto, los t\u00e9cnicos de este Gobierno con el visto bueno especialmente de\u00a0<strong>Cornejo<\/strong>\u00a0determinar\u00e1n de cu\u00e1nto ser\u00e1n los porcentajes de\u00a0<strong>suba salarial\u00a0<\/strong>que ofrecer\u00e1n a los sindicatos que representan a los<strong>\u00a0estatales.<\/strong>\u00a0Se estima que podr\u00edan ser porcentajes de alrededor del 10%.\u00a0&#8220;Pueden modificarse las fechas firmadas en la \u00faltima paritaria para sentarse con los gremios&#8221;, aseguraron desde Casa de Gobierno. &#8220;A\u00fan no est\u00e1 determinado pero se est\u00e1 definiendo porcentajes y cronograma&#8221;, dijeron. En tanto que el SUTE este martes entregar\u00e1 volantes en el nudo vial de la calle Vicente Zapata que es el ingreso a la ciudad de Mendoza desde el Este, y reclamar\u00e1 el llamado a paritarias.\u00a0<\/p>\n\n\n\n<p>&#8220;Nosotros vamos a ir el 19 porque eso qued\u00f3 por escrito&#8221;, sostuvo la secretaria general del SUTE, Carina Sedano. El sindicato considera que adem\u00e1s de las<strong>\u00a0subas<\/strong>\u00a0para los pr\u00f3ximos meses debe haber un &#8220;reconocimiento&#8221; por los meses de septiembre y octubre que se vieron afectados por la devaluaci\u00f3n de mediados de agosto tras las PASO (primarias abiertas simult\u00e1neas y obligatorias) del 13 de agosto. &#8220;Adem\u00e1s de que no tuvimos aumentos en 2020&#8221;, agreg\u00f3 Sedano.<\/p>\n\n\n\n<p>ATE (Asociaci\u00f3n de Trabajadores del Estado)\u00a0por su parte, tambi\u00e9n est\u00e1 a la expectativa. &#8220;Estamos esperando los \u00edndice de inflaci\u00f3n&#8221;, asegur\u00f3 Roberto Macho, el titular del gremio<strong>.\u00a0<\/strong>Es muy posible que el sindicato apunte a<strong>\u00a0<\/strong>que el acuerdo abarque los meses de noviembre, diciembre, enero y febrero para despu\u00e9s sentarse nuevamente en marzo a negociar y no hacerlo retroactivo a los primeros meses de 2024 como ocurr\u00eda hace unos a\u00f1os.\u00a0Ampros en tanto,\u00a0tambi\u00e9n reclam\u00f3 la apertura de paritarias\u00a0y puso el foco nuevamente en el \u00e9xodo de profesionales a pa\u00edses vecinos porque ganan mejor en la provincia.\u00a0<\/p>\n\n\n\n<p>Uno de los asuntos que m\u00e1s preocupa al pr\u00f3ximo gobierno de Cornejo\u00a0es adem\u00e1s de la inflaci\u00f3n, es que ya no ingresar\u00e1 a las\u00a0arcas provinciales los fondos correspondientes por impuesto a las Ganancias debido a la iniciativa del Ejecutivo nacional de eliminar el gravamen. Lo mismo se trasladar\u00e1 a los municipios. Por eso es posible que haya un tironeo entre los sindicatos y el Gobierno a la hora de discutir la actualizaci\u00f3n de sus sueldos. Pero adem\u00e1s, hay incertidumbre sobre el resultado de las elecciones nacionales, qui\u00e9n ser\u00e1 el nuevo presidente y cu\u00e1l ser\u00e1 el v\u00ednculo de la Naci\u00f3n con la Provincia. Si el libertario Javier Milei resulta el ganador, es posible que cambie el v\u00ednculo con los estados provinciales quienes podr\u00edan recibir menos fondos.\u00a0<\/p>\n\n\n\n<p>fuente: mdzonline.<\/p>\n\n\n\n<p><\/p>\n\n\n\n<p><\/p>\n","protected":false},"excerpt":{"rendered":"<p>Los t\u00e9cnicos del Gobierno est\u00e1n definiendo de cu\u00e1nto ser\u00e1 la suba salarial que ofrecer\u00e1n en los pr\u00f3ximos d\u00edas a los gremios en un contexto de inflaci\u00f3n galopante. Los posibles porcentajes. Los\u00a0aumentos de sueldo\u00a0a los\u00a0estatales\u00a0que el Gobierno de Rodolfo Suarez acord\u00f3 con los gremios abarcan\u00a0hasta el salario de\u00a0octubre. Ahora, los t\u00e9cnicos paritarios est\u00e1n redefiniendo el cronograma [&hellip;]<\/p>\n","protected":false},"author":2,"featured_media":2167,"comment_status":"open","ping_status":"open","sticky":true,"template":"","format":"standard","meta":[],"categories":[47],"tags":[],"_links":{"self":[{"href":"https:\/\/pasaenmendoza.com\/index.php?rest_route=\/wp\/v2\/posts\/2166"}],"collection":[{"href":"https:\/\/pasaenmendoza.com\/index.php?rest_route=\/wp\/v2\/posts"}],"about":[{"href":"https:\/\/pasaenmendoza.com\/index.php?rest_route=\/wp\/v2\/types\/post"}],"author":[{"embeddable":true,"href":"https:\/\/pasaenmendoza.com\/index.php?rest_route=\/wp\/v2\/users\/2"}],"replies":[{"embeddable":true,"href":"https:\/\/pasaenmendoza.com\/index.php?rest_route=%2Fwp%2Fv2%2Fcomments&post=2166"}],"version-history":[{"count":1,"href":"https:\/\/pasaenmendoza.com\/index.php?rest_route=\/wp\/v2\/posts\/2166\/revisions"}],"predecessor-version":[{"id":2168,"href":"https:\/\/pasaenmendoza.com\/index.php?rest_route=\/wp\/v2\/posts\/2166\/revisions\/2168"}],"wp:featuredmedia":[{"embeddable":true,"href":"https:\/\/pasaenmendoza.com\/index.php?rest_route=\/wp\/v2\/media\/2167"}],"wp:attachment":[{"href":"https:\/\/pasaenmendoza.com\/index.php?rest_route=%2Fwp%2Fv2%2Fmedia&parent=2166"}],"wp:term":[{"taxonomy":"category","embeddable":true,"href":"https:\/\/pasaenmendoza.com\/index.php?rest_route=%2Fwp%2Fv2%2Fcategories&post=2166"},{"taxonomy":"post_tag","embeddable":true,"href":"https:\/\/pasaenmendoza.com\/index.php?rest_route=%2Fwp%2Fv2%2Ftags&post=2166"}],"curies":[{"name":"wp","href":"https:\/\/api.w.org\/{rel}","templated":true}]}}