{"id":2169,"date":"2023-10-12T14:15:41","date_gmt":"2023-10-12T12:15:41","guid":{"rendered":"https:\/\/pasaenmendoza.com\/?p=2169"},"modified":"2023-10-12T14:15:43","modified_gmt":"2023-10-12T12:15:43","slug":"elecciones-2023-como-se-encaran-los-ultimos-dias-de-campana-en-mendoza","status":"publish","type":"post","link":"https:\/\/pasaenmendoza.com\/?p=2169","title":{"rendered":"Elecciones 2023: c\u00f3mo se encaran los \u00faltimos d\u00edas de campa\u00f1a en Mendoza"},"content":{"rendered":"\n<p>En las distintas fuerzas prima el puerta a puerta con la entrega de boletas, ya que se vuelve a utilizar el sistema tradicional para esta elecci\u00f3n. C\u00f3mo trabajar\u00e1n la fiscalizaci\u00f3n.<\/p>\n\n\n\n<p>Las&nbsp;<strong>elecciones presidenciales<\/strong>&nbsp;est\u00e1n a la vuelta de la esquina y&nbsp;<strong>Mendoza&nbsp;<\/strong>se prepara para elegir no s\u00f3lo al mandatario nacional para los pr\u00f3ximos cuatro a\u00f1os, sino que tambi\u00e9n renovar\u00e1 cinco bancas en la<strong>&nbsp;C\u00e1mara de Diputados de la Naci\u00f3n<\/strong>.<\/p>\n\n\n\n<p>De repetirse los resultados de las elecciones&nbsp;<strong>Primarias Abiertas Simult\u00e1neas y Obligatorias (PASO<\/strong>) hasta el momento&nbsp;<mark>estar\u00edan ingresando tres legisladores de LA Libertad Avanza, uno de Juntos por el Cambio y uno de Uni\u00f3n por la Patria.<\/mark><\/p>\n\n\n\n<p>Por esto los diferentes espacios se encuentran en plena recta final de la campa\u00f1a en busca de sostener sus votantes y hacer crecer el porcentaje de adhesi\u00f3n.<\/p>\n\n\n\n<h2 class=\"wp-block-heading\" id=\"h-campana-austera\">Campa\u00f1a austera<\/h2>\n\n\n\n<p>A diferencia de lo que ocurri\u00f3 en los comicios provinciales,&nbsp;<mark>el despliegue y la inversi\u00f3n en carteler\u00eda p\u00fablica es pr\u00e1cticamente nulo, y los candidatos \u201crelegan\u201d su pelea al arrastre nacional.<\/mark><\/p>\n\n\n\n<p>Diferentes analistas se\u00f1alaron que la campa\u00f1a es netamente nacional, y que los candidatos a diputados traccionan pr\u00e1cticamente nada en la intenci\u00f3n de voto de la poblaci\u00f3n.&nbsp;<em>\u201cLos candidatos en Mendoza dependen un 100% de sus candidatos nacionales<\/em>\u201d coincidieron.<\/p>\n\n\n\n<p><strong>Armando Magistretti,<\/strong>\u00a0presidente del Partido Dem\u00f3crata y uno de los referentes de los libertarios en Mendoza, asegur\u00f3 que\u00a0<em>\u201clos candidatos est\u00e1n en territorio, tratando de abarcar toda la provincia. Se ha privilegiado el contacto directo con los vecinos para explicar las distintas propuestas. No hay sectores en particular, estamos trabajando en toda la provincia\u201d<\/em>.<\/p>\n\n\n\n<p>Por esto, desde&nbsp;<strong>Cambia Mendoza<\/strong>,&nbsp;<mark>aseguraron que ya han comenzado a entregar boletas en algunos departamentos y que se enfocar\u00e1n en el recorrido puerta a puerta.<\/mark><\/p>\n\n\n\n<p>Hay que se\u00f1alar que, a diferencias de los comicios provinciales, los mendocinos volver\u00e1n a elegir con el sistema de boleta tradicional, la s\u00e1bana, por lo que cada fuerza apel\u00f3 precisamente al mecanismo m\u00e1s habitual: entregar los papeles al domicilio.<\/p>\n\n\n\n<p>Durante la jornada del martes, algunos referentes partidarios como&nbsp;<strong>Mauricio Pinti Clop<\/strong>&nbsp;en Maip\u00fa, y el entorno de&nbsp;<strong>Marcos Calvente<\/strong>&nbsp;y&nbsp;<strong>Tadeo Garc\u00eda Zalazar&nbsp;<\/strong>estuvieron entregando folleter\u00eda en apoyo a&nbsp;<strong>Patricia Bullrich<\/strong>.<\/p>\n\n\n\n<p>\u201c<em>Estamos confiados que podemos crecer. Vamos a buscar a los votos casa por casa. Creemos que es posible ganar esta elecci\u00f3n<\/em>\u201c, explicaron referentes del espacio.<\/p>\n\n\n\n<p>En tanto, desde el peronismo se lamentaron la fallida llegada de&nbsp;<strong>Sergio Massa<\/strong>&nbsp;a la provincia, aunque aseguraron que a\u00fan hay esperanza con el arribo del candidato del oficialismo.<\/p>\n\n\n\n<p>\u201c<em>Esperamos que venga, el tema es la agenda que tiene programada con otras provincias<\/em>\u201c, asegur\u00f3&nbsp;<strong>Gabriela Lizana<\/strong>, una de las personas m\u00e1s cercanas al ministro de Econom\u00eda en la provincia.<\/p>\n\n\n\n<p>M\u00e1s all\u00e1 de esto, durante la jornada del martes, dirigentes del PJ mostraron una foto de unidad, pero sin\u00a0<strong>La C\u00e1mpora<\/strong>, a los que se sumaron los sancarlinos\u00a0<strong>Jorge Difonso<\/strong>,\u00a0<strong>Rolando Scanio\u00a0<\/strong>y\u00a0<strong>Alejandro Morillas<\/strong>. Los tres pertenecen a La Uni\u00f3n Mendocina, pero para las presidenciales apoyan a Massa. Tambi\u00e9n aparece\u00a0<strong>Jorge Gim\u00e9nez<\/strong>\u00a0-que para los comicios provinciales tambi\u00e9n estuvo en LAUM-, entre otros, quienes se sumaron a militar al ministro de Econom\u00eda.<\/p>\n\n\n\n<h2 class=\"wp-block-heading\">Fiscalizaci\u00f3n<\/h2>\n\n\n\n<p>En una elecci\u00f3n de tercios y con la escasa diferencia que hubo entre los espacios a nivel nacional \u201ccuidar\u201d los votos es sumamente necesario.<\/p>\n\n\n\n<p>Desde&nbsp;<strong>Cambia Mendoza<\/strong>&nbsp;se\u00f1alaron que la capacitaci\u00f3n de sus fiscales a\u00fan no comenz\u00f3, y que el fin de semana largo complicar\u00e1 mucho la tarea. \u201c<em>Empezaremos las capacitaciones este jueves y continuaremos el martes seguramente, el fin de semana nos dificult\u00f3 la planificaci\u00f3n\u201d<\/em>, aseguraron.<\/p>\n\n\n\n<p>Para los libertarios, la fiscalizaci\u00f3n es vital porque en las primarias&nbsp;<em>\u201cel robo de boletas en las PASO fue enorme<\/em>\u201c.<\/p>\n\n\n\n<p>Magistretti confi\u00f3 que con ese antecedente \u201c<em>estamos avocados de lleno a la organizaci\u00f3n de la fiscalizaci\u00f3n\u201d\u00a0<\/em>y que la inscripci\u00f3n de voluntarios\u00a0<em>\u201cya ha crecido bastante respecto a las PASO. Ya se tienen cubiertas todas las escuelas con los fiscales generales y en un gran porcentaje con fiscales de mesa<\/em>\u201c.<\/p>\n\n\n\n<p>Sin embargo,&nbsp;<mark>en Mendoza se diferenciaron del acuerdo que hubo entre Javier Milei y el gremio de los gastron\u00f3micos<\/mark>, y explicaron que no han tenido ning\u00fan contacto a nivel local. \u201c<em>No hemos tenido ning\u00fan tipo de contacto en Mendoza con ellos<\/em>\u201c, se\u00f1al\u00f3 Magistreti.<\/p>\n\n\n\n<p>En tanto, Emiliano Montivero, quien est\u00e1 a cargo del gremio -UTHGRA- en la provincia, confirm\u00f3 los dichos del dirigente dem\u00f3crata y explic\u00f3 que hasta el momento \u201c<em>no han recibido directivas desde la central gremial para fiscalizar\u201d<\/em>.<\/p>\n\n\n\n<p>fuente: elsol.com.ar<\/p>\n","protected":false},"excerpt":{"rendered":"<p>En las distintas fuerzas prima el puerta a puerta con la entrega de boletas, ya que se vuelve a utilizar el sistema tradicional para esta elecci\u00f3n. C\u00f3mo trabajar\u00e1n la fiscalizaci\u00f3n. Las&nbsp;elecciones presidenciales&nbsp;est\u00e1n a la vuelta de la esquina y&nbsp;Mendoza&nbsp;se prepara para elegir no s\u00f3lo al mandatario nacional para los pr\u00f3ximos cuatro a\u00f1os, sino que tambi\u00e9n [&hellip;]<\/p>\n","protected":false},"author":2,"featured_media":2170,"comment_status":"open","ping_status":"open","sticky":true,"template":"","format":"standard","meta":[],"categories":[47],"tags":[],"_links":{"self":[{"href":"https:\/\/pasaenmendoza.com\/index.php?rest_route=\/wp\/v2\/posts\/2169"}],"collection":[{"href":"https:\/\/pasaenmendoza.com\/index.php?rest_route=\/wp\/v2\/posts"}],"about":[{"href":"https:\/\/pasaenmendoza.com\/index.php?rest_route=\/wp\/v2\/types\/post"}],"author":[{"embeddable":true,"href":"https:\/\/pasaenmendoza.com\/index.php?rest_route=\/wp\/v2\/users\/2"}],"replies":[{"embeddable":true,"href":"https:\/\/pasaenmendoza.com\/index.php?rest_route=%2Fwp%2Fv2%2Fcomments&post=2169"}],"version-history":[{"count":1,"href":"https:\/\/pasaenmendoza.com\/index.php?rest_route=\/wp\/v2\/posts\/2169\/revisions"}],"predecessor-version":[{"id":2171,"href":"https:\/\/pasaenmendoza.com\/index.php?rest_route=\/wp\/v2\/posts\/2169\/revisions\/2171"}],"wp:featuredmedia":[{"embeddable":true,"href":"https:\/\/pasaenmendoza.com\/index.php?rest_route=\/wp\/v2\/media\/2170"}],"wp:attachment":[{"href":"https:\/\/pasaenmendoza.com\/index.php?rest_route=%2Fwp%2Fv2%2Fmedia&parent=2169"}],"wp:term":[{"taxonomy":"category","embeddable":true,"href":"https:\/\/pasaenmendoza.com\/index.php?rest_route=%2Fwp%2Fv2%2Fcategories&post=2169"},{"taxonomy":"post_tag","embeddable":true,"href":"https:\/\/pasaenmendoza.com\/index.php?rest_route=%2Fwp%2Fv2%2Ftags&post=2169"}],"curies":[{"name":"wp","href":"https:\/\/api.w.org\/{rel}","templated":true}]}}