{"id":2172,"date":"2023-10-12T14:24:09","date_gmt":"2023-10-12T12:24:09","guid":{"rendered":"https:\/\/pasaenmendoza.com\/?p=2172"},"modified":"2023-10-12T14:24:10","modified_gmt":"2023-10-12T12:24:10","slug":"bordon-responsabiliza-a-massa-milei-y-bullrich-de-la-crisis-actual","status":"publish","type":"post","link":"https:\/\/pasaenmendoza.com\/?p=2172","title":{"rendered":"Bord\u00f3n responsabiliza a Massa, Milei y Bullrich de la crisis actual"},"content":{"rendered":"\n<p>Fuerte, impactante desde lo intelectual y pol\u00edtico, as\u00ed comenz\u00f3 el ciclo\u00a0<strong>&#8220;Espacio de Di\u00e1logo&#8221; de la Universidad Nacional de Cuyo<\/strong>\u00a0(UNCuyo). En ese cuadro sobresali\u00f3 ex gobernador\u00a0<strong>Jos\u00e9 Octavio Bord\u00f3n<\/strong>, participante del primer panel quien fue directo a la coyuntura nacional y fij\u00f3 una posici\u00f3n pol\u00edtica s\u00f3lida basado en hechos ocurridos en el inicio de este periodo democr\u00e1tico en los que fue protagonista, contrast\u00e1ndolos con la actualidad y haciendo foco en la corrupci\u00f3n y sus distintas versiones de la vida p\u00fablica argentina.<\/p>\n\n\n\n<p>Hablo elevado el Pilo, el martes 10 a la tarde, lleg\u00f3 a pedir disculpas por la pasi\u00f3n de su discurso en el \u00e1mbito de reflexi\u00f3n instalado en uno de los auditorios de la Facultad de Ciencias Econ\u00f3micas de la UNCuyo.&nbsp;<\/p>\n\n\n\n<p>&#8220;Di\u00e1logo, respeto y tolerancia&#8221; fue el eje inicial del Espacio de Di\u00e1logo creado para pensar sobre las cuestiones que &#8220;inquietan a la comunidad de la provincia, del pa\u00eds, de Latinoam\u00e9rica y del mundo&#8221;. El hecho institucional es la respuesta a la conmoci\u00f3n que se produjo luego del ataque a la muestra art\u00edstica\u00a0<strong>#8M Manifiestos Visuales\u00a0<\/strong>el lunes 20 marzo pasado en la sala de arte Luis Quesada contigua al rectorado.<\/p>\n\n\n\n<p>Aquellos destrozos a las obras de mujeres artistas ocasionados por\u00a0 grupos ultra religiosos dej\u00f3 una huella en la Universidad y eso se hizo notar en la apertura del ciclo, adem\u00e1s no pas\u00f3 inadvertido para los organizadores el reciente ataque\u00a0 al stand LGTBQ+ de la Feria del Libro ocurrido el s\u00e1bado 7, lo que parece un correlato cometido por otro grupo radicalizado, con actitudes autoritarias e intolerantes.<\/p>\n\n\n\n<p>En ese escenario ante una concurrencia media, participaron la rectora de la Casa de Estudios, Esther S\u00e1nchez; la ex jueza de Corte, A\u00edda Kemelmajer de Carlucci; el sacerdote cat\u00f3lico delegado Episcopal para la Pastoral Social, Marcelo De Benedectis; decano de la Facultad de Filosof\u00eda y Letras de la Universidad, Gustavo Zonana; adem\u00e1s de Bord\u00f3n que lleg\u00f3 all\u00ed en su calidad de soci\u00f3logo y diplom\u00e1tico. El conversatorio fue moderado por el vicerrector de la UNCuyo, Gabriel Fidel, responsable de este proyecto acad\u00e9mico.<\/p>\n\n\n\n<p>En ese devenir de reflexiones y observaciones de la realidad Bord\u00f3n le dedic\u00f3 su segunda intervenci\u00f3n en el panel para se\u00f1alar lo que ha visto de la crisis ocasionada por la corrida cambiaria que llevo al d\u00f3lar &#8220;callejero&#8221; por encima de los mil pesos, generando otro clima de profunda incertidumbre p\u00fablica, otro pico de estr\u00e9s social a diez d\u00edas de las\u00a0elecciones presidenciales del domingo 22 de octubre.<\/p>\n\n\n\n<p>Una especie de &#8220;domo&#8221; invisible donde el clima se recalent\u00f3 con las declaraciones de la dirigencia pol\u00edtica. La centralidad del asunto la ocup\u00f3 el candidato presidencial Javier Milei quien hab\u00eda se\u00f1alado que no hab\u00eda que renovar los plazos fijos en pesos, que el peso era &#8220;excremento&#8221; y antes hab\u00eda advertido que la suba del d\u00f3lar favorec\u00eda a la dolarizaci\u00f3n que \u00e9l impulsa como promesa de campa\u00f1a.<\/p>\n\n\n\n<p>M\u00e1s all\u00e1 del &#8220;imbecil&#8221; de Insaurralde<\/p>\n\n\n\n<p>El ex mandatario provincial despu\u00e9s de hacer un recorrido por las crisis internacionales focalizando su an\u00e1lisis en los conflictos de Israel y Ucrania se ocup\u00f3 de responder sobre los conceptos de di\u00e1logo, democracia, rep\u00fablica y corrupci\u00f3n.&nbsp;<\/p>\n\n\n\n<p>Apoy\u00e1ndose en las reflexiones de los preopinantes, en especial en la &#8220;maestra y profesora A\u00edda&#8221;, Bord\u00f3n termin\u00f3 apuntando a\u00a0<strong>Sergio Massa<\/strong>\u00a0a quien responsabiliz\u00f3 de pensar en las elecciones antes de gobernar, a\u00a0<strong>Javier Milei<\/strong>\u00a0como quien hace todo para que le vaya a mal al pa\u00eds y as\u00ed ganar la votaci\u00f3n y a\u00a0<strong>Patricia Bullrich<\/strong>\u00a0por criticar a sus dos competidores para sacar r\u00e9dito electoral.<\/p>\n\n\n\n<p>Finalmente Bord\u00f3n apunt\u00f3 a Mart\u00edn Insaurralde, ex ejfe de Gabinete del gobierno bonaerense de Axel Kicillof&nbsp; por su escandalosas im\u00e1genes&nbsp; en unas ostentosas vacaciones en Espa\u00f1a con la modelo Sof\u00eda Clerici. Fue duro Bord\u00f3n para referirse a este caso y lo se\u00f1al\u00f3 como la punta del iceberg de la corrupci\u00f3n que alimenta esta calamidad. La vehemencia pol\u00edtica de Bord\u00f3n le hizo apuntar a la figura del ex funcionario bonaerense como un &#8220;imb\u00e9cil y corrupto&#8221; a quien no hay que perdonar.&nbsp;<\/p>\n\n\n\n<p>Debate, di\u00e1logo, discusi\u00f3n, democracia y corrupci\u00f3n&nbsp;<\/p>\n\n\n\n<p>En un escenario incendiado por los cruces entre los principales referentes pol\u00edticos nacionales que corren por la presidencia, el ex embajador argentino en Chile y Estados Unidos se par\u00f3 en el medio como un \u00e1rbitro pol\u00edtico e hizo estas observaciones.&nbsp;<\/p>\n\n\n\n<p>\u2022<strong>&nbsp;Qu\u00e9 hacemos.<\/strong>&nbsp;&#8220;Hay que hacer la denuncia concreta cuando hay elementos porque sino lo que se consigue es ayudar a la corrupci\u00f3n. Porque si no, corruptos son todos y si es as\u00ed, entonces elijamos al que me cae m\u00e1s simp\u00e1tico&#8221;.<\/p>\n\n\n\n<p>\u2022\u00a0<strong>Mienten por tres.<\/strong>\u00a0&#8220;La otra corrupci\u00f3n es mentir. La crisis que vivimos hace 48 horas es producto de la gente que est\u00e1 m\u00e1s preocupada por la elecci\u00f3n que por su responsabilidad gobernante, hay gente que est\u00e1 m\u00e1s preocupada en cu\u00e1nto m\u00e1s lo complico (al gobierno) para poder garantizarme que gana la elecci\u00f3n, imaginando que no tiene ninguna responsabilidad, y otro que lo \u00fanico que se ocupa en atacar a los otros dos. No se preocupan a ver c\u00f3mo en el debate puedo encontrar puntos de di\u00e1logo. \u00bfHay alg\u00fan di\u00e1logo?&#8221;.<\/p>\n\n\n\n<p><strong>\u2022 Recordando a Baglini y Menem.&nbsp;<\/strong>&#8220;Cafiero con Casella en la Provincia de Buenos Aires, nosotros con Ra\u00fal Baglini en el 87, discutimos fuerte, debatimos ideas. Ha habido momentos distintos, Cafiero perdi\u00f3 una interna teniendo el poder del partido y al otro d\u00eda fue a trabajar. Y yo como gobernador pidi\u00e9ndole al presidente electo (Menem) que le ayud\u00e1ramos a Alfons\u00edn hasta llegar al final (de su mandato) y que no hiciera como lo propon\u00edan algunos, de complicarle la vida y para que entregara a la Argentina peor y fuera m\u00e1s f\u00e1cil gobernar. Eso lo viv\u00ed en mis propias filas pol\u00edticas y lo estamos viviendo nuevamente de manera m\u00e1s grave y profunda en la Naci\u00f3n&#8221;.<\/p>\n\n\n\n<p>\u2022<strong>\u00a0Debajo del esc\u00e1ndalo.<\/strong>\u00a0&#8220;El caso de este imb\u00e9cil adem\u00e1s de corrupto, de Insaurralde, a quien no se lo puede perdonar, pero convertir esto \u00bfen Insaurralde? \u00bfEn \u00e9l junto a una ni\u00f1a, el desprestigio ante sus hijos y sus ex mujeres, su familia? Es un drama personal. El problema es lo que est\u00e1 por debajo de eso, ah\u00ed tenemos que ir para poder reconstruir la democracia y hacerlo entre todos. Los que tenemos m\u00e1s a\u00f1os ayudar, hablando, conversando con las nuevas generaciones&#8221;.<\/p>\n\n\n\n<p>fuente: mendozapost.<\/p>\n","protected":false},"excerpt":{"rendered":"<p>Fuerte, impactante desde lo intelectual y pol\u00edtico, as\u00ed comenz\u00f3 el ciclo\u00a0&#8220;Espacio de Di\u00e1logo&#8221; de la Universidad Nacional de Cuyo\u00a0(UNCuyo). En ese cuadro sobresali\u00f3 ex gobernador\u00a0Jos\u00e9 Octavio Bord\u00f3n, participante del primer panel quien fue directo a la coyuntura nacional y fij\u00f3 una posici\u00f3n pol\u00edtica s\u00f3lida basado en hechos ocurridos en el inicio de este periodo democr\u00e1tico [&hellip;]<\/p>\n","protected":false},"author":2,"featured_media":2177,"comment_status":"open","ping_status":"open","sticky":true,"template":"","format":"standard","meta":[],"categories":[47],"tags":[],"_links":{"self":[{"href":"https:\/\/pasaenmendoza.com\/index.php?rest_route=\/wp\/v2\/posts\/2172"}],"collection":[{"href":"https:\/\/pasaenmendoza.com\/index.php?rest_route=\/wp\/v2\/posts"}],"about":[{"href":"https:\/\/pasaenmendoza.com\/index.php?rest_route=\/wp\/v2\/types\/post"}],"author":[{"embeddable":true,"href":"https:\/\/pasaenmendoza.com\/index.php?rest_route=\/wp\/v2\/users\/2"}],"replies":[{"embeddable":true,"href":"https:\/\/pasaenmendoza.com\/index.php?rest_route=%2Fwp%2Fv2%2Fcomments&post=2172"}],"version-history":[{"count":1,"href":"https:\/\/pasaenmendoza.com\/index.php?rest_route=\/wp\/v2\/posts\/2172\/revisions"}],"predecessor-version":[{"id":2178,"href":"https:\/\/pasaenmendoza.com\/index.php?rest_route=\/wp\/v2\/posts\/2172\/revisions\/2178"}],"wp:featuredmedia":[{"embeddable":true,"href":"https:\/\/pasaenmendoza.com\/index.php?rest_route=\/wp\/v2\/media\/2177"}],"wp:attachment":[{"href":"https:\/\/pasaenmendoza.com\/index.php?rest_route=%2Fwp%2Fv2%2Fmedia&parent=2172"}],"wp:term":[{"taxonomy":"category","embeddable":true,"href":"https:\/\/pasaenmendoza.com\/index.php?rest_route=%2Fwp%2Fv2%2Fcategories&post=2172"},{"taxonomy":"post_tag","embeddable":true,"href":"https:\/\/pasaenmendoza.com\/index.php?rest_route=%2Fwp%2Fv2%2Ftags&post=2172"}],"curies":[{"name":"wp","href":"https:\/\/api.w.org\/{rel}","templated":true}]}}