{"id":2176,"date":"2023-10-12T14:27:27","date_gmt":"2023-10-12T12:27:27","guid":{"rendered":"https:\/\/pasaenmendoza.com\/?p=2176"},"modified":"2023-10-12T14:27:29","modified_gmt":"2023-10-12T12:27:29","slug":"fin-de-semana-largo-como-funcionaran-los-comercios-en-mendoza","status":"publish","type":"post","link":"https:\/\/pasaenmendoza.com\/?p=2176","title":{"rendered":"Fin de semana largo: c\u00f3mo funcionar\u00e1n los comercios en Mendoza"},"content":{"rendered":"\n<p>Se viene el&nbsp;<mark>\u00faltimo fin de semana extra largo&nbsp;<\/mark>del a\u00f1o y son muchas las expectativas de ventas que los comerciantes tienen, no s\u00f3lo porque el domingo es el&nbsp;<strong>D\u00eda de la Madre,<\/strong>&nbsp;una de las fechas m\u00e1s importantes para el comercio, sino por la&nbsp;<mark>presencia de chilenos que visitar\u00e1n la provincia.<\/mark><\/p>\n\n\n\n<p>Las autoridades de la\u00a0<strong>C\u00e1mara Empresaria, Comercio, Industria y Turismo de la Ciudad de Mendoza (CECITyS)<\/strong>\u00a0aseguraron que tras una encuesta con los comerciantes del centro,\u00a0<mark>el 95% de los locales atender\u00e1 este viernes en sus horarios habituales, en tanto, el 75% de ellos lo har\u00e1 tambi\u00e9n el lunes.<\/mark><\/p>\n\n\n\n<p><em>\u201cEl D\u00eda de la Madre representa para nuestros comerciantes una posibilidad concreta de incremento en las ventas y si a esto le sumamos la llegada de turistas a nuestra provincia, principalmente chilenos, las expectativas son a\u00fan m\u00e1s importantes\u201d,\u00a0<\/em>recalc\u00f3\u00a0<strong>Adri\u00e1n Alin, de la Cecitys.<\/strong><\/p>\n\n\n\n<p>Respecto de las ventas este a\u00f1o, el empresario coment\u00f3 que observan un importante movimiento que ha reactivado todos los rubros, aunque la indumentaria y el calzado es lo que m\u00e1s est\u00e1 repuntando.<\/p>\n\n\n\n<p><strong>Fuente: www.elsol.com.ar<\/strong><\/p>\n","protected":false},"excerpt":{"rendered":"<p>Se viene el&nbsp;\u00faltimo fin de semana extra largo&nbsp;del a\u00f1o y son muchas las expectativas de ventas que los comerciantes tienen, no s\u00f3lo porque el domingo es el&nbsp;D\u00eda de la Madre,&nbsp;una de las fechas m\u00e1s importantes para el comercio, sino por la&nbsp;presencia de chilenos que visitar\u00e1n la provincia. Las autoridades de la\u00a0C\u00e1mara Empresaria, Comercio, Industria y [&hellip;]<\/p>\n","protected":false},"author":2,"featured_media":2179,"comment_status":"open","ping_status":"open","sticky":false,"template":"","format":"standard","meta":[],"categories":[50],"tags":[],"_links":{"self":[{"href":"https:\/\/pasaenmendoza.com\/index.php?rest_route=\/wp\/v2\/posts\/2176"}],"collection":[{"href":"https:\/\/pasaenmendoza.com\/index.php?rest_route=\/wp\/v2\/posts"}],"about":[{"href":"https:\/\/pasaenmendoza.com\/index.php?rest_route=\/wp\/v2\/types\/post"}],"author":[{"embeddable":true,"href":"https:\/\/pasaenmendoza.com\/index.php?rest_route=\/wp\/v2\/users\/2"}],"replies":[{"embeddable":true,"href":"https:\/\/pasaenmendoza.com\/index.php?rest_route=%2Fwp%2Fv2%2Fcomments&post=2176"}],"version-history":[{"count":1,"href":"https:\/\/pasaenmendoza.com\/index.php?rest_route=\/wp\/v2\/posts\/2176\/revisions"}],"predecessor-version":[{"id":2180,"href":"https:\/\/pasaenmendoza.com\/index.php?rest_route=\/wp\/v2\/posts\/2176\/revisions\/2180"}],"wp:featuredmedia":[{"embeddable":true,"href":"https:\/\/pasaenmendoza.com\/index.php?rest_route=\/wp\/v2\/media\/2179"}],"wp:attachment":[{"href":"https:\/\/pasaenmendoza.com\/index.php?rest_route=%2Fwp%2Fv2%2Fmedia&parent=2176"}],"wp:term":[{"taxonomy":"category","embeddable":true,"href":"https:\/\/pasaenmendoza.com\/index.php?rest_route=%2Fwp%2Fv2%2Fcategories&post=2176"},{"taxonomy":"post_tag","embeddable":true,"href":"https:\/\/pasaenmendoza.com\/index.php?rest_route=%2Fwp%2Fv2%2Ftags&post=2176"}],"curies":[{"name":"wp","href":"https:\/\/api.w.org\/{rel}","templated":true}]}}