{"id":2181,"date":"2023-10-12T14:33:05","date_gmt":"2023-10-12T12:33:05","guid":{"rendered":"https:\/\/pasaenmendoza.com\/?p=2181"},"modified":"2023-10-12T14:33:07","modified_gmt":"2023-10-12T12:33:07","slug":"transportaban-cocaina-uno-amenazo-de-muerte-a-un-testigo-y-todos-fueron-condenados","status":"publish","type":"post","link":"https:\/\/pasaenmendoza.com\/?p=2181","title":{"rendered":"Transportaban coca\u00edna, uno amenaz\u00f3 de muerte a un testigo y todos fueron condenados"},"content":{"rendered":"\n<p>Los cuatro\u00a0<strong>neuquinos\u00a0<\/strong>que llegaron a juicio en Mendoza por ocultar en una camioneta m\u00e1s de tres kilos de coca\u00edna fueron condenados a duras penas y multas econ\u00f3micas este mi\u00e9rcoles por la tarde en los<strong>\u00a0Tribunales Federales<\/strong>.<\/p>\n\n\n\n<p>Se trata de los integrantes de la llamada banda de los\u00a0<strong>Sagardoy<\/strong>, quienes fueron capturados en C\u00f3rdoba el 25 de mayo del 2021 y terminaron siendo juzgados por el Tribunal Oral Federal N\u00ba1 de la provincia acusados por el transporte de estupefacientes agravado por la participaci\u00f3n de tres o m\u00e1s personas.<\/p>\n\n\n\n<p>El caso tuvo la particularidad de que uno de los sentenciados, de 64 a\u00f1os e identificado como\u00a0<strong>Pablo Daniel Sagardoy<\/strong>\u00a0(padre), tambi\u00e9n fue encontrado culpable por amenazar de muerte a un testigo de actuaci\u00f3n mientras se produjo su detenci\u00f3n.\u00a0<em>\u201cNo ten\u00e9s que testificar nada de lo que viste porque pueden matar a tu familia\u201d<\/em>, le manifest\u00f3 mientras personal de la\u00a0<strong>Gendarmer\u00eda\u00a0<\/strong>requisaba uno de los dos veh\u00edculos en los que se movilizaba la organizaci\u00f3n.<\/p>\n\n\n\n<p>En horas de la tarde de este mi\u00e9rcoles, los jueces\u00a0<strong>Mar\u00eda Paula Marisi, Alejandro Waldo Pi\u00f1a y Alberto Daniel Carelli<\/strong>, dieron a conocer la parte resolutiva del fallo contra todos los oriundos de la vecina provincia y\u00a0<mark>conden\u00f3 al citado Sagardoy a 7 a\u00f1os de c\u00e1rcel y multa de 745.750 pesos como coautor de los citados delitos, adem\u00e1s de amenazas<\/mark><\/p>\n\n\n\n<p>Por su parte, su hijo\u00a0<strong>Pablo Sagardoy<\/strong>\u00a0(27) recibi\u00f3 6 a\u00f1os de encierro, igual que los otros dos sujetos,\u00a0<strong>Walter Emmanuel Moussa Zein<\/strong>\u00a0(21) y\u00a0<strong>Luis Omar Canales<\/strong>\u00a0(46), como coautores del citado delito. Estos recibieron una multa de m\u00e1s de 640.000 pesos.<\/p>\n\n\n\n<p><mark>Los protagonistas del proceso llegaron a debate oral en libertad y continuar\u00e1n en esa condici\u00f3n mientras el fallo no quede firme.<\/mark>\u00a0Desde un principio, hubo conflictos por la competencia: primero investig\u00f3 Mendoza, luego la causa pas\u00f3 a Neuqu\u00e9n y termin\u00f3 regresando a nuestra provincia. Mientras el expediente iba y ven\u00eda,\u00a0<strong>en la provincia sure\u00f1a ordenaron la liberaci\u00f3n del cuarteto.<\/strong><\/p>\n\n\n\n<p>Lo cierto es que la investigaci\u00f3n que permiti\u00f3 su captura se inici\u00f3 en Mendoza como desprendimiento de las causas que le iniciaron al jefe narco\u00a0<strong>Ra\u00fal Daniel Bressi Escalante<\/strong>, condenado por grandes transportes de estupefacientes a 14 y 19 a\u00f1os de encierro y conocido por amenazar a una jueza y una fiscal mientras lo juzgaban, tal como revel\u00f3\u00a0<strong><em>El Sol<\/em><\/strong>\u00a0en agosto del a\u00f1o pasado.<\/p>\n\n\n\n<p>Hace m\u00e1s de dos a\u00f1os, personal de la Gendarmer\u00eda trabaj\u00f3 el dato de un cargamento de drogas que ven\u00eda desde el norte del pa\u00eds y ten\u00eda como destino\u00a0<strong>Neuqu\u00e9n<\/strong>.\u00a0<mark>La sustancia que transportaban los narcos iba a pasar por Mendoza<\/mark>. Sin embargo, decidieron cortarles el paso en la ruta 158 en la localidad de\u00a0<strong>San Francisco, C\u00f3rdoba.<\/strong><\/p>\n\n\n\n<p>Los sospechosos se movilizaban en dos veh\u00edculos: un VW Bora y una camioneta Toyota Hilux. En el primero viajaban padre e hijo\u00a0<strong>Sagardoy<\/strong>\u00a0marcando punta y, en el segundo, lo hac\u00edan, varios kil\u00f3metros detr\u00e1s,\u00a0<strong>Moussa Zin y Canales<\/strong>\u00a0transportando coca\u00edna.<\/p>\n\n\n\n<p>El Bora lleg\u00f3 primero y le frenaron el paso en un control.<strong>\u00a0Sagardoy<\/strong>\u00a0hijo iba al frente del volante. No transportaba la mercader\u00eda ilegal y decidieron esperar el arribo de la Toyota. Como los gendarmes ya ten\u00edan el dato, decidieron llevar un can que detecta estupefacientes para ayudar en la requisa.<\/p>\n\n\n\n<p>El can reaccion\u00f3 en la camioneta y decidieron profundizar la inspecci\u00f3n en la zona de la palanca de cambios. All\u00ed detectaron que presentaba un doble fondo que no coincid\u00eda con el resto de la estructura del chasis, se desprende del requerimiento de citaci\u00f3n a debate del\u00a0<strong>fiscal Fernando Alcaraz.<\/strong><\/p>\n\n\n\n<p><mark>De esta forma, dieron con tres ladrillos de coca\u00edna envueltos con una goma multicolor y papel film, con un peso total de 3,212 kilogramos.<\/mark><\/p>\n\n\n\n<p>Tal como public\u00f3 este diario, antes de la detenci\u00f3n de los sospechosos,\u00a0<strong>Pablo Daniel Sagardo<\/strong>\u00a0y amenaz\u00f3 al testigo de actuaci\u00f3n que hab\u00edan llevado los efectivos para corroborar el trabajo.\u00a0<em>\u201cNo ten\u00e9s que testificar nada de lo que viste porque pueden matar a tu familia\u201d<\/em>, le dijo. El testigo habl\u00f3 con los gendarmes y dejaron asentada la amenaza.<\/p>\n\n\n\n<p>En el caso hubo escuchas telef\u00f3nicas que sirvieron para confirmar que los integrantes de la banda hablaban de c\u00f3mo evitar controles en las rutas y las direcciones que deb\u00edan tomar. Luego de las capturas,\u00a0<mark>secuestraron tel\u00e9fonos y lo que conten\u00edan tambi\u00e9n sirvi\u00f3 como prueba: hallaron videos y fotos de envoltorios de marihuana, manipulando armas de fuego y tambi\u00e9n drogas.<\/mark><\/p>\n\n\n\n<p>Justamente,\u00a0<strong>Pablo Sagardoy hijo<\/strong>\u00a0ten\u00eda una condena de tres a\u00f1os de prisi\u00f3n de ejecuci\u00f3n condicional del 2018 luego de ser hallado culpable como coautor de robo agravado por el uso de arma de fuego cuya aptitud para el disparo no ha podido acreditarse de ning\u00fan modo.<\/p>\n\n\n\n<p>Por este fallo, el TOF N\u00ba1 de Mendoza orden\u00f3 que se forme un incidente de unificaci\u00f3n de las condenas, en el que deber\u00e1 sustanciarse el pedido de revocaci\u00f3n de la condicionalidad impuesta en la causa de robo, tal como solicit\u00f3 la fiscal\u00eda en el debate oral.<\/p>\n\n\n\n<p><strong>Fuente: www.elsol.com.ar<\/strong><\/p>\n","protected":false},"excerpt":{"rendered":"<p>Los cuatro\u00a0neuquinos\u00a0que llegaron a juicio en Mendoza por ocultar en una camioneta m\u00e1s de tres kilos de coca\u00edna fueron condenados a duras penas y multas econ\u00f3micas este mi\u00e9rcoles por la tarde en los\u00a0Tribunales Federales. Se trata de los integrantes de la llamada banda de los\u00a0Sagardoy, quienes fueron capturados en C\u00f3rdoba el 25 de mayo del [&hellip;]<\/p>\n","protected":false},"author":2,"featured_media":2182,"comment_status":"open","ping_status":"open","sticky":false,"template":"","format":"standard","meta":[],"categories":[48],"tags":[],"_links":{"self":[{"href":"https:\/\/pasaenmendoza.com\/index.php?rest_route=\/wp\/v2\/posts\/2181"}],"collection":[{"href":"https:\/\/pasaenmendoza.com\/index.php?rest_route=\/wp\/v2\/posts"}],"about":[{"href":"https:\/\/pasaenmendoza.com\/index.php?rest_route=\/wp\/v2\/types\/post"}],"author":[{"embeddable":true,"href":"https:\/\/pasaenmendoza.com\/index.php?rest_route=\/wp\/v2\/users\/2"}],"replies":[{"embeddable":true,"href":"https:\/\/pasaenmendoza.com\/index.php?rest_route=%2Fwp%2Fv2%2Fcomments&post=2181"}],"version-history":[{"count":1,"href":"https:\/\/pasaenmendoza.com\/index.php?rest_route=\/wp\/v2\/posts\/2181\/revisions"}],"predecessor-version":[{"id":2183,"href":"https:\/\/pasaenmendoza.com\/index.php?rest_route=\/wp\/v2\/posts\/2181\/revisions\/2183"}],"wp:featuredmedia":[{"embeddable":true,"href":"https:\/\/pasaenmendoza.com\/index.php?rest_route=\/wp\/v2\/media\/2182"}],"wp:attachment":[{"href":"https:\/\/pasaenmendoza.com\/index.php?rest_route=%2Fwp%2Fv2%2Fmedia&parent=2181"}],"wp:term":[{"taxonomy":"category","embeddable":true,"href":"https:\/\/pasaenmendoza.com\/index.php?rest_route=%2Fwp%2Fv2%2Fcategories&post=2181"},{"taxonomy":"post_tag","embeddable":true,"href":"https:\/\/pasaenmendoza.com\/index.php?rest_route=%2Fwp%2Fv2%2Ftags&post=2181"}],"curies":[{"name":"wp","href":"https:\/\/api.w.org\/{rel}","templated":true}]}}