{"id":2184,"date":"2023-10-12T14:38:35","date_gmt":"2023-10-12T12:38:35","guid":{"rendered":"https:\/\/pasaenmendoza.com\/?p=2184"},"modified":"2023-10-12T14:38:37","modified_gmt":"2023-10-12T12:38:37","slug":"un-nuevo-factor-se-suma-a-la-crisis-de-la-salud-privada-y-enciende-las-alarmas-en-mendoza","status":"publish","type":"post","link":"https:\/\/pasaenmendoza.com\/?p=2184","title":{"rendered":"Un nuevo factor se suma a la crisis de la salud privada y enciende las alarmas en Mendoza"},"content":{"rendered":"\n<p>Las alarmas en los&nbsp;<strong>laboratorios<\/strong>&nbsp;de la provincia est\u00e1n encendidas porque, a<mark>&nbsp;los retrasos en los pagos de las prepagas, se les suman la falta de insumos nacionales e importados y la devaluaci\u00f3n<\/mark>.<\/p>\n\n\n\n<p>En las \u00faltimas horas, un laboratorio nacional que produce reactivos, emiti\u00f3 un comunicado expresando a sus clientes y distribuidores que \u201c<em>ante un bloqueo aduanero para Argentina que detiene las importaciones y exportaciones en el marco de fuertes rumores e inestabilidad econ\u00f3mica financiera, la empresa ha decidido suspender, de manera moment\u00e1nea, la facturaci\u00f3n a partir de este mi\u00e9rcoles<\/em>\u201c.<\/p>\n\n\n\n<p><strong>Gustavo Yapur, titular de la Asociaci\u00f3n de Bioqu\u00edmicos de Mendoza<\/strong>, describi\u00f3 la situaci\u00f3n como \u201cmuy cr\u00edtica\u201d y que hay varios laboratorios que tiene previsto no entregar la mercader\u00eda.<\/p>\n\n\n\n<p><em>\u201cNo sabemos qu\u00e9 pasar\u00e1 luego de este fin de semana largo y lo m\u00e1s preocupante es que se est\u00e1 complicando la disponibilidad de reactivos e insumos como jeringas, agujas, entre otros\u201d,\u00a0<\/em>manifest\u00f3.<\/p>\n\n\n\n<p><strong>Laboratorios, en crisis<\/strong><\/p>\n\n\n\n<p>Hace un mes y medio que los laboratorios de Mendoza vienen atravesando una crisis importante por la falta de productos para los an\u00e1lisis, la implosi\u00f3n del d\u00f3lar y el retraso en los pagos de las prepagas.<\/p>\n\n\n\n<p><em>\u201cPor el momento, los grandes laboratorios cuentan con un cierto stock, por lo que no se ver\u00edan perjudicados, pero no se sabe hasta cu\u00e1ndo persistir\u00e1 la crisis\u201d,\u00a0<\/em>dijo Yapur y agreg\u00f3 que<mark>\u00a0lo que s\u00ed ya no hay son test de embarazo.<\/mark><\/p>\n\n\n\n<p>El profesional manifest\u00f3 que\u00a0<mark>para los pr\u00f3ximos d\u00edas est\u00e1 previsto un incremento en los estudios que se realicen, que podr\u00eda rondar entre el 30% y 35%, aproximadamente.<\/mark><\/p>\n\n\n\n<p>Por su parte, el bioqu\u00edmico\u00a0<strong>Rafael P\u00e9rez Elizalde<\/strong>\u00a0detall\u00f3 que\u00a0<em>\u201crecibimos los insumos atados a precio d\u00f3lar, por lo que los aumentos son constantes y frecuentes\u201d.\u00a0<\/em>La \u00faltima actualizaci\u00f3n fue despu\u00e9s de las Primarias Abiertas Simult\u00e1neas y Obligatorias (PASO)<em>\u00a0\u201cy ahora nos est\u00e1n informando que se viene un nuevo incremento\u201d.<\/em><\/p>\n\n\n\n<p>P\u00e9rez Elizalde dijo que se pidi\u00f3 insumos, algunos llegaron, pero sin precio. Estim\u00f3 que la pr\u00f3xima semana se actualizar\u00e1n, considerando que el d\u00f3lar super\u00f3 la barrera de los mil pesos de este martes.<\/p>\n\n\n\n<p>En tanto,\u00a0<mark>trascendi\u00f3 que en el Laboratorio Central que la Obra Social de Empleados P\u00fablicos (Osep) se habr\u00edan registrado algunos faltantes de reactivos.<\/mark>\u00a0Al ser consultados,\u00a0<mark>desde la entidad negaron la versi\u00f3n<\/mark>.<\/p>\n\n\n\n<p>\u201cLos reactivos tienen una demora habitual que no supera las 48 horas, en tanto, los que son de uso inmunol\u00f3gicos cuentan con un retraso que podr\u00eda extenderse a siete d\u00edas, como m\u00e1ximo\u201d, explicaron.<\/p>\n\n\n\n<p><strong>Cl\u00ednicas privadas, en alerta<\/strong><\/p>\n\n\n\n<p>La situaci\u00f3n es compleja en varios nosocomios y seg\u00fan refirieron algunos profesionales\u00a0<mark>no hay medicamentos para anestesia y faltan productos para cirug\u00edas.<\/mark><\/p>\n\n\n\n<p>L<mark>a mayor\u00eda de los efectores privados est\u00e1 trabajando con stock de reserva<\/mark>, pero no est\u00e1 llegando mercader\u00eda, explicaron, por lo que si bien&nbsp;<mark>por el momento no se han suspendido cirug\u00edas, no descartan que en unos d\u00edas puedan tener que reprogramar.<\/mark><\/p>\n\n\n\n<p><strong>Andr\u00e9s Donadi, director de la Cl\u00ednica de Cuyo<\/strong>, cont\u00f3 que el problema con los insumos viene desde hace un mes y que<em>\u00a0\u201clo m\u00e1s costoso es conseguir los de car\u00e1cter importado\u201d.<\/em><\/p>\n\n\n\n<p><em>\u201cV\u00e1lvulas card\u00edacas, stent para hacer angioplastias, suturas para cirug\u00edas, es decir, insumos de uso diario que muchas veces pueden cambiar el pron\u00f3stico de la calidad de vida del paciente, es lo que m\u00e1s falta en los nosocomios\u201d,<\/em>&nbsp;dijo el profesional.<\/p>\n\n\n\n<p><mark>Donadi cont\u00f3 que en la Cl\u00ednica de Cuyo no ha sido necesario llegar a\u00fan al punto de suspender o reprogramar operaciones<\/mark>, ya que pudieron stockearse.\u00a0<em>\u201cHoy no tenemos grandes problemas, pero el futuro es incierto\u201d<\/em>, sentenci\u00f3.<\/p>\n\n\n\n<p><strong>Fuente: www.elsol.com.ar<\/strong><\/p>\n","protected":false},"excerpt":{"rendered":"<p>Las alarmas en los&nbsp;laboratorios&nbsp;de la provincia est\u00e1n encendidas porque, a&nbsp;los retrasos en los pagos de las prepagas, se les suman la falta de insumos nacionales e importados y la devaluaci\u00f3n. En las \u00faltimas horas, un laboratorio nacional que produce reactivos, emiti\u00f3 un comunicado expresando a sus clientes y distribuidores que \u201cante un bloqueo aduanero para [&hellip;]<\/p>\n","protected":false},"author":2,"featured_media":2185,"comment_status":"open","ping_status":"open","sticky":false,"template":"","format":"standard","meta":[],"categories":[58],"tags":[],"_links":{"self":[{"href":"https:\/\/pasaenmendoza.com\/index.php?rest_route=\/wp\/v2\/posts\/2184"}],"collection":[{"href":"https:\/\/pasaenmendoza.com\/index.php?rest_route=\/wp\/v2\/posts"}],"about":[{"href":"https:\/\/pasaenmendoza.com\/index.php?rest_route=\/wp\/v2\/types\/post"}],"author":[{"embeddable":true,"href":"https:\/\/pasaenmendoza.com\/index.php?rest_route=\/wp\/v2\/users\/2"}],"replies":[{"embeddable":true,"href":"https:\/\/pasaenmendoza.com\/index.php?rest_route=%2Fwp%2Fv2%2Fcomments&post=2184"}],"version-history":[{"count":1,"href":"https:\/\/pasaenmendoza.com\/index.php?rest_route=\/wp\/v2\/posts\/2184\/revisions"}],"predecessor-version":[{"id":2186,"href":"https:\/\/pasaenmendoza.com\/index.php?rest_route=\/wp\/v2\/posts\/2184\/revisions\/2186"}],"wp:featuredmedia":[{"embeddable":true,"href":"https:\/\/pasaenmendoza.com\/index.php?rest_route=\/wp\/v2\/media\/2185"}],"wp:attachment":[{"href":"https:\/\/pasaenmendoza.com\/index.php?rest_route=%2Fwp%2Fv2%2Fmedia&parent=2184"}],"wp:term":[{"taxonomy":"category","embeddable":true,"href":"https:\/\/pasaenmendoza.com\/index.php?rest_route=%2Fwp%2Fv2%2Fcategories&post=2184"},{"taxonomy":"post_tag","embeddable":true,"href":"https:\/\/pasaenmendoza.com\/index.php?rest_route=%2Fwp%2Fv2%2Ftags&post=2184"}],"curies":[{"name":"wp","href":"https:\/\/api.w.org\/{rel}","templated":true}]}}