{"id":2188,"date":"2023-10-12T15:11:32","date_gmt":"2023-10-12T13:11:32","guid":{"rendered":"https:\/\/pasaenmendoza.com\/?p=2188"},"modified":"2023-10-12T15:11:33","modified_gmt":"2023-10-12T13:11:33","slug":"se-registraron-heladas-en-zonas-productivas-de-mendoza-y-evaluaran-los-danos-al-mediodia","status":"publish","type":"post","link":"https:\/\/pasaenmendoza.com\/?p=2188","title":{"rendered":"Se registraron heladas en zonas productivas de Mendoza y evaluar\u00e1n los da\u00f1os al mediod\u00eda"},"content":{"rendered":"\n<p>Los productores mendocinos pasaron una madrugada de pleno trabajo para\u00a0<strong>combatir las\u00a0heladas\u00a0pronosticadas<\/strong>\u00a0luego del ingreso de un frente fr\u00edo que hizo bajar la temperatura. Las zonas afectadas fueron el<strong>\u00a0Valle de Uco, Luj\u00e1n, departamentos del Este y el Sur\u00a0<\/strong>provincial. Indicaron que hicieron todo el esfuerzo para evitar da\u00f1os en las producciones, pero sabr\u00e1n con certeza pasado el mediod\u00eda.<\/p>\n\n\n\n<p><strong>Marcelo Casazza<\/strong>, ingeniero agr\u00f3nomo de Luj\u00e1n, explic\u00f3: &#8220;El mi\u00e9rcoles se nubl\u00f3 y eso hizo que no calentara bien el suelo. Se despej\u00f3 alrededor de la medianoche y empez\u00f3 a caer la temperatura.&nbsp;<strong>Desde las 4 de este jueves varias zonas tuvieron defensa activa con calefactores y riego por aspersi\u00f3n<\/strong>, pero en Agrelo comenz\u00f3 a helar&#8221;, y agreg\u00f3 que alrededor de las 6.30 de este jueves la temperatura era de&nbsp;<strong>1.5 grados bajo cero.<\/strong><\/p>\n\n\n\n<p><strong>&#8220;En el Valle de Uco tenemos 3 y 4 grados bajo cero&#8221; (Casazza)<\/strong><\/p>\n\n\n\n<p>&#8220;Estamos en el inicio de brotaci\u00f3n, algunas variedades m\u00e1s tempranas y m\u00e1s brotadas, siempre hablando de vi\u00f1edos. En la fruta debe pasar lo mismo.\u00a0<strong>En el Valle de Uco est\u00e1 fr\u00edo con temperaturas de 3 y 4 grados bajo cero<\/strong>&#8220;, se\u00f1al\u00f3 el especialista y a\u00f1adi\u00f3: &#8220;Si la temperatura se mantiene as\u00ed hasta que salga el sol, que es cuando m\u00e1s baja la temperatura, el da\u00f1o va a ser poco&#8221;.<\/p>\n\n\n\n<p>Casazza sostuvo que pasado el mediod\u00eda,&nbsp;<strong>alrededor de las 14 o 15, cuando ya el sol caliente bien, podr\u00e1n saber los da\u00f1os sufridos&nbsp;<\/strong>en los brotes m\u00e1s crecidos, &#8220;son los que tienen m\u00e1s porcentaje de agua y<strong>&nbsp;se rompen c\u00e9lulas<\/strong>. Cuanto m\u00e1s chico el brote es menor el da\u00f1o o directamente no hay da\u00f1o&#8221;.<\/p>\n\n\n\n<p>A pesar de mantener estas esperanzas, sostuvo que &#8220;<strong>va a haber algo de da\u00f1o en algunas zonas<\/strong>, en Lavalle, Santa Rosa, Rivadavia, donde las temperaturas son bajas, a pesar de que en el Este siempre hay menos da\u00f1o.<strong>\u00a0En San Rafael, General Alvear y en parte de Malarg\u00fce tambi\u00e9n hay temperaturas bajo cero<\/strong>&#8220;.<\/p>\n\n\n\n<h2 class=\"wp-block-heading\">La preocupaci\u00f3n de los productores por las heladas<\/h2>\n\n\n\n<p>&#8220;As\u00ed arrancamos la primavera y es una cosa m\u00e1s a la que hay que estar atentos&#8221;, expres\u00f3 Marcelo Casazza. &#8220;Nos queda todo el mes y no sabemos hasta cu\u00e1ndo. Una vez la \u00faltima helada tard\u00eda fue el 13 de noviembre.\u00a0<strong>El a\u00f1o pasado la \u00faltima fue el 1 de noviembre<\/strong>&#8220;.<\/p>\n\n\n\n<p>&#8220;<strong>Uno siempre tiene las esperanzas que sea el menor da\u00f1o posible<\/strong>, pero en vitivinicultura viene pasando hace varios a\u00f1os esto de las heladas tard\u00edas que nos vienen complicando. Venimos recuper\u00e1ndonos de las del a\u00f1o pasado que fue firme, entonces muchas plantas vienen brotando de distintas maneras seg\u00fan la variedad y seg\u00fan c\u00f3mo afect\u00f3 la helada dependiendo la zona&#8221;, detall\u00f3 el ingeniero.<\/p>\n\n\n\n<p><strong>Fuente: www.diariouno.com.ar<\/strong><\/p>\n","protected":false},"excerpt":{"rendered":"<p>Los productores mendocinos pasaron una madrugada de pleno trabajo para\u00a0combatir las\u00a0heladas\u00a0pronosticadas\u00a0luego del ingreso de un frente fr\u00edo que hizo bajar la temperatura. Las zonas afectadas fueron el\u00a0Valle de Uco, Luj\u00e1n, departamentos del Este y el Sur\u00a0provincial. Indicaron que hicieron todo el esfuerzo para evitar da\u00f1os en las producciones, pero sabr\u00e1n con certeza pasado el mediod\u00eda. [&hellip;]<\/p>\n","protected":false},"author":2,"featured_media":2189,"comment_status":"open","ping_status":"open","sticky":false,"template":"","format":"standard","meta":[],"categories":[70],"tags":[],"_links":{"self":[{"href":"https:\/\/pasaenmendoza.com\/index.php?rest_route=\/wp\/v2\/posts\/2188"}],"collection":[{"href":"https:\/\/pasaenmendoza.com\/index.php?rest_route=\/wp\/v2\/posts"}],"about":[{"href":"https:\/\/pasaenmendoza.com\/index.php?rest_route=\/wp\/v2\/types\/post"}],"author":[{"embeddable":true,"href":"https:\/\/pasaenmendoza.com\/index.php?rest_route=\/wp\/v2\/users\/2"}],"replies":[{"embeddable":true,"href":"https:\/\/pasaenmendoza.com\/index.php?rest_route=%2Fwp%2Fv2%2Fcomments&post=2188"}],"version-history":[{"count":1,"href":"https:\/\/pasaenmendoza.com\/index.php?rest_route=\/wp\/v2\/posts\/2188\/revisions"}],"predecessor-version":[{"id":2190,"href":"https:\/\/pasaenmendoza.com\/index.php?rest_route=\/wp\/v2\/posts\/2188\/revisions\/2190"}],"wp:featuredmedia":[{"embeddable":true,"href":"https:\/\/pasaenmendoza.com\/index.php?rest_route=\/wp\/v2\/media\/2189"}],"wp:attachment":[{"href":"https:\/\/pasaenmendoza.com\/index.php?rest_route=%2Fwp%2Fv2%2Fmedia&parent=2188"}],"wp:term":[{"taxonomy":"category","embeddable":true,"href":"https:\/\/pasaenmendoza.com\/index.php?rest_route=%2Fwp%2Fv2%2Fcategories&post=2188"},{"taxonomy":"post_tag","embeddable":true,"href":"https:\/\/pasaenmendoza.com\/index.php?rest_route=%2Fwp%2Fv2%2Ftags&post=2188"}],"curies":[{"name":"wp","href":"https:\/\/api.w.org\/{rel}","templated":true}]}}