{"id":2191,"date":"2023-10-12T15:18:51","date_gmt":"2023-10-12T13:18:51","guid":{"rendered":"https:\/\/pasaenmendoza.com\/?p=2191"},"modified":"2023-10-12T15:18:52","modified_gmt":"2023-10-12T13:18:52","slug":"abogado-de-las-victimas-del-provolo-pidio-que-los-crimenes-eclesiasticos-se-consideren-de-lesa-humanidad","status":"publish","type":"post","link":"https:\/\/pasaenmendoza.com\/?p=2191","title":{"rendered":"Abogado de las v\u00edctimas del Pr\u00f3volo pidi\u00f3 que los cr\u00edmenes eclesi\u00e1sticos se consideren de lesa humanidad"},"content":{"rendered":"\n<p>Querellantes en las causas por los<strong>\u00a0abusos sexuales<\/strong>\u00a0cometidos a menores en el Instituto Pr\u00f3volo\u00a0-cuyo tercer juicio est\u00e1 a punto de terminar-,\u00a0exigieron, junto a dem\u00e1s abogados, activistas y sobrevivientes, y ante el Tribunal de La Haya, principal \u00f3rgano judicial de la Organizaci\u00f3n de las Naciones Unidas, que estos delitos sean considerados\u00a0<strong>&#8220;cr\u00edmenes de lesa humanidad&#8221;.<\/strong><\/p>\n\n\n\n<p><strong>Sergio Salinas<\/strong>&nbsp;es un abogado que representa a las v\u00edctimas del Instituto religioso Antonio Pr\u00f3volo. El letrado exigi\u00f3&nbsp;<strong>&#8220;que los abusos, as\u00ed como tambi\u00e9n otros casos de abusos eclesi\u00e1sticos ocurridos y denunciados a nivel mundial sean considerados cr\u00edmenes de lesa humanidad&#8221;.<\/strong><\/p>\n\n\n\n<p>Ello implica, entre otras cosas, que&nbsp;<strong>esos cr\u00edmenes ser\u00edan imprescriptibles<\/strong>.<\/p>\n\n\n\n<p>Salinas, miembro de la agrupaci\u00f3n\u00a0<strong>Xumec,\u00a0<\/strong>fue designado representante de Am\u00e9rica Latina de la ONG ECA Global, desde donde expusieron ante autoridades de la\u00a0<strong>Corte Penal Internacional<\/strong>\u00a0sobre el caso de abuso eclesi\u00e1stico por el que<strong>\u00a0ya fueron condenados dos curas en Mendoza.<\/strong><\/p>\n\n\n\n<h2 class=\"wp-block-heading\">Reiteran el pedido de colaboraci\u00f3n a la Iglesia por el caso Pr\u00f3volo<\/h2>\n\n\n\n<p>En ese contexto, pidieron que se lo considere un<strong>&nbsp;crimen de lesa humanidad<\/strong>&nbsp;y volvieron a reclamar colaboraci\u00f3n a la Iglesia.<\/p>\n\n\n\n<p>&#8220;Abogados, activistas y sobrevivientes reclaman que los abusos\u00a0<strong>no se traten como algo individual sino como algo sistem\u00e1tico<\/strong>. La sistematicidad m\u00e1s la generalidad hacen al delito de\u00a0<strong>lesa humanidad<\/strong>&#8220;, afirm\u00f3.<\/p>\n\n\n\n<p><strong><br>Al mundo le interesa que esto se frene. No puede seguir habiendo abusos contra ni\u00f1os y por eso reclamamos en Roma, en Ginebra y en el tribunal de La Haya, y, como representante de Am\u00e9rica Latina, recobramos casos de v\u00edctimas de diferentes lugares levantando la generalidad, y la sistematicidad<\/strong><\/p>\n\n\n\n<p><strong>&#8220;Solo en Mendoza, y en parte, hubo justicia.<\/strong>\u00a0En el Pr\u00f3volo de La Plata no hay nada, en Chile nada, en Colombia nada y ahora recientemente en Canad\u00e1 han aparecido\u00a0<strong>mil ni\u00f1os muertos enterrados abusados bajo la impunidad de la Iglesia, m\u00e1s otros mil en Suiza<\/strong>&#8220;, resalt\u00f3 Salinas.<\/p>\n\n\n\n<p>&#8220;Nos presentamos en la Corte Penal e Internacional, con sede en La Haya, que tiene competencia para cuatro tipos de delitos:\u00a0<strong>cr\u00edmenes de lesa humanidad, cr\u00edmenes de guerra, cr\u00edmenes de agresi\u00f3n y genocidios&#8221;,\u00a0<\/strong>explic\u00f3.<\/p>\n\n\n\n<h2 class=\"wp-block-heading\">El 18 de octubre habr\u00e1 sentencia por el tercer juicio del caso Pr\u00f3volo<\/h2>\n\n\n\n<p>El pr\u00f3ximo mi\u00e9rcoles 18, miembros del Tribunal Penal Colegiado 2 de Mendoza, donde se desarrolla el tercer juicio por abusos sexuales cometidos a menores hipoac\u00fasicos en el Instituto Pr\u00f3volo dictar\u00e1n sentencia a las ocho imputadas por abusos sexuales y omisi\u00f3n de denuncias de abusos, entre las cuales hay dos monjas:&nbsp;<strong>Kumiko Kosaca y Asunci\u00f3n Mart\u00ednez.<\/strong><\/p>\n\n\n\n<p>Por su parte, la Corte Suprema de Justicia de la Naci\u00f3n desestim\u00f3 esta semana un recurso y dej\u00f3 firme la condena impuesta al jardinero&nbsp;<strong>Armando Ram\u00f3n G\u00f3mez Bravo<\/strong>&nbsp;por abuso sexual agravado y corrupci\u00f3n de menores, en el Pr\u00f3volo.<\/p>\n\n\n\n<p>En noviembre de 2019, G\u00f3mez fue condenado a 18 a\u00f1os de prisi\u00f3n, el ex director del instituto y sacerdote,<strong>\u00a0Nicola Corradi (fallecido a los 83 a\u00f1os), a 42 a\u00f1os y el sacerdote Horacio Hugo Corbacho (59)<\/strong>, quien recibi\u00f3 la mayor condena dictada por el tribunal en este caso: 45 a\u00f1os de prisi\u00f3n, por 13 hechos.<\/p>\n\n\n\n<p><strong>Fuente: www.diariouno.com.ar<\/strong><\/p>\n","protected":false},"excerpt":{"rendered":"<p>Querellantes en las causas por los\u00a0abusos sexuales\u00a0cometidos a menores en el Instituto Pr\u00f3volo\u00a0-cuyo tercer juicio est\u00e1 a punto de terminar-,\u00a0exigieron, junto a dem\u00e1s abogados, activistas y sobrevivientes, y ante el Tribunal de La Haya, principal \u00f3rgano judicial de la Organizaci\u00f3n de las Naciones Unidas, que estos delitos sean considerados\u00a0&#8220;cr\u00edmenes de lesa humanidad&#8221;. Sergio Salinas&nbsp;es un [&hellip;]<\/p>\n","protected":false},"author":2,"featured_media":2192,"comment_status":"open","ping_status":"open","sticky":false,"template":"","format":"standard","meta":[],"categories":[71],"tags":[],"_links":{"self":[{"href":"https:\/\/pasaenmendoza.com\/index.php?rest_route=\/wp\/v2\/posts\/2191"}],"collection":[{"href":"https:\/\/pasaenmendoza.com\/index.php?rest_route=\/wp\/v2\/posts"}],"about":[{"href":"https:\/\/pasaenmendoza.com\/index.php?rest_route=\/wp\/v2\/types\/post"}],"author":[{"embeddable":true,"href":"https:\/\/pasaenmendoza.com\/index.php?rest_route=\/wp\/v2\/users\/2"}],"replies":[{"embeddable":true,"href":"https:\/\/pasaenmendoza.com\/index.php?rest_route=%2Fwp%2Fv2%2Fcomments&post=2191"}],"version-history":[{"count":1,"href":"https:\/\/pasaenmendoza.com\/index.php?rest_route=\/wp\/v2\/posts\/2191\/revisions"}],"predecessor-version":[{"id":2193,"href":"https:\/\/pasaenmendoza.com\/index.php?rest_route=\/wp\/v2\/posts\/2191\/revisions\/2193"}],"wp:featuredmedia":[{"embeddable":true,"href":"https:\/\/pasaenmendoza.com\/index.php?rest_route=\/wp\/v2\/media\/2192"}],"wp:attachment":[{"href":"https:\/\/pasaenmendoza.com\/index.php?rest_route=%2Fwp%2Fv2%2Fmedia&parent=2191"}],"wp:term":[{"taxonomy":"category","embeddable":true,"href":"https:\/\/pasaenmendoza.com\/index.php?rest_route=%2Fwp%2Fv2%2Fcategories&post=2191"},{"taxonomy":"post_tag","embeddable":true,"href":"https:\/\/pasaenmendoza.com\/index.php?rest_route=%2Fwp%2Fv2%2Ftags&post=2191"}],"curies":[{"name":"wp","href":"https:\/\/api.w.org\/{rel}","templated":true}]}}