{"id":2194,"date":"2023-10-12T15:37:54","date_gmt":"2023-10-12T13:37:54","guid":{"rendered":"https:\/\/pasaenmendoza.com\/?p=2194"},"modified":"2023-10-12T15:37:55","modified_gmt":"2023-10-12T13:37:55","slug":"la-fem-reclamo-a-la-clase-dirigente-moderar-sus-declaraciones-en-pos-de-la-paz-social","status":"publish","type":"post","link":"https:\/\/pasaenmendoza.com\/?p=2194","title":{"rendered":"La FEM reclam\u00f3 a la clase dirigente moderar sus declaraciones en pos de la paz social"},"content":{"rendered":"\n<p>La\u00a0<strong>Federaci\u00f3n Econ\u00f3mica de Mendoza (FEM)\u00a0<\/strong>no se qued\u00f3 afuera de la preocupaci\u00f3n que gener\u00f3 en todos los sectores productivos y econ\u00f3micos<strong>\u00a0la escalada que experiment\u00f3 el d\u00f3lar blue que lo llev\u00f3 a superar los $1.000.<\/strong><\/p>\n\n\n\n<p>A trav\u00e9s de un comunicado, los miembros de la<strong>&nbsp;Federaci\u00f3n Econ\u00f3mica de Mendoza&nbsp;<\/strong>-presidida por Santiago Laugero- expresaron este martes que temen por el impacto que esta situaci\u00f3n puede generar en los precios y en la vida cotidiana de los argentinos, pero m\u00e1s que nada se concentraron en<strong>&nbsp;destacar que los candidatos no deben generar m\u00e1s inestabilidad con sus declaraciones pol\u00edticas.<\/strong><\/p>\n\n\n\n<p><strong>&#8220;Jam\u00e1s en pesos&#8221;<\/strong>, respondi\u00f3 este lunes el candidato a presidente de la Libertad Avanza,\u00a0<strong>Javier Milei,<\/strong>\u00a0ante la consulta sobre\u00a0<strong>qu\u00e9 le recomendar\u00eda a un ahorrista que se le venza un plazo fijo en los d\u00edas previos a las elecciones<\/strong>\u00a0generales del pr\u00f3ximo 22 de octubre. &#8220;El peso es la moneda que emite el pol\u00edtico argentino y por ende no puede valer ni excremento porque esa basura no sirve ni para abono&#8221;, asegur\u00f3 el economista libertario.<\/p>\n\n\n\n<h2 class=\"wp-block-heading\">Pidieron responsabilidad con sus declaraciones a los candidatos<\/h2>\n\n\n\n<p>Para la Federaci\u00f3n Econ\u00f3mica de Mendoza, la incertidumbre no es un buen terreno para que el sector pyme pueda trabajar.<\/p>\n\n\n\n<p>&#8220;<strong>Hoy muchas empresas proveedoras de distintos sectores no presentan precios de lista por la incertidumbre y desconocimiento del valor de reposici\u00f3n.\u00a0<\/strong>En muchos casos el pago de lo disponible es al contado con entregas diferidas. Esto afectar\u00e1 el nivel de actividad de las pymes e impactar\u00e1 nuevamente en el bolsillo de los consumidores&#8221;, resaltaron.<\/p>\n\n\n\n<p>Por \u00faltimo,&nbsp;<strong>hicieron un llamado a la concordia de la clase dirigente<\/strong>, que asegure condiciones m\u00ednimas que permitan sobrellevar sin sobresaltos, la contienda electoral. Precisamente, la corrida cambiaria oblig\u00f3 al candidato de Uni\u00f3n por la Patria, Sergio Massa, a suspender su visita prevista para este mi\u00e9rcoles a Mendoza. Desde su entorno, afirmaron que podr\u00eda pasarse para dentro de unos d\u00edas.<\/p>\n\n\n\n<p>&#8220;Es por ello que&nbsp;<strong>exhortamos a la dirigencia pol\u00edtica a tener responsabilidad en los dichos y en las acciones&nbsp;<\/strong>que ejecutan. No revivan fantasmas del pasado que tanto da\u00f1o le ocasionaron al pa\u00eds&#8221;, manifestaron desde el sector empresario mendocino.<\/p>\n\n\n\n<p>Antes de concluir, volvieron a pedir que las declaraciones pol\u00edticas se realicen para generar certidumbre, condiciones de estabilidad y que los candidatos act\u00faen con responsabilidad, contribuyendo a la paz social y &#8220;a promover el bienestar general, como se\u00f1ala sabiamente el Pre\u00e1mbulo de nuestra Constituci\u00f3n Nacional&#8221;.<\/p>\n\n\n\n<p><strong>Fuente: www.diariouno.com.ar<\/strong><\/p>\n","protected":false},"excerpt":{"rendered":"<p>La\u00a0Federaci\u00f3n Econ\u00f3mica de Mendoza (FEM)\u00a0no se qued\u00f3 afuera de la preocupaci\u00f3n que gener\u00f3 en todos los sectores productivos y econ\u00f3micos\u00a0la escalada que experiment\u00f3 el d\u00f3lar blue que lo llev\u00f3 a superar los $1.000. A trav\u00e9s de un comunicado, los miembros de la&nbsp;Federaci\u00f3n Econ\u00f3mica de Mendoza&nbsp;-presidida por Santiago Laugero- expresaron este martes que temen por el [&hellip;]<\/p>\n","protected":false},"author":2,"featured_media":2195,"comment_status":"open","ping_status":"open","sticky":false,"template":"","format":"standard","meta":[],"categories":[49],"tags":[],"_links":{"self":[{"href":"https:\/\/pasaenmendoza.com\/index.php?rest_route=\/wp\/v2\/posts\/2194"}],"collection":[{"href":"https:\/\/pasaenmendoza.com\/index.php?rest_route=\/wp\/v2\/posts"}],"about":[{"href":"https:\/\/pasaenmendoza.com\/index.php?rest_route=\/wp\/v2\/types\/post"}],"author":[{"embeddable":true,"href":"https:\/\/pasaenmendoza.com\/index.php?rest_route=\/wp\/v2\/users\/2"}],"replies":[{"embeddable":true,"href":"https:\/\/pasaenmendoza.com\/index.php?rest_route=%2Fwp%2Fv2%2Fcomments&post=2194"}],"version-history":[{"count":2,"href":"https:\/\/pasaenmendoza.com\/index.php?rest_route=\/wp\/v2\/posts\/2194\/revisions"}],"predecessor-version":[{"id":2197,"href":"https:\/\/pasaenmendoza.com\/index.php?rest_route=\/wp\/v2\/posts\/2194\/revisions\/2197"}],"wp:featuredmedia":[{"embeddable":true,"href":"https:\/\/pasaenmendoza.com\/index.php?rest_route=\/wp\/v2\/media\/2195"}],"wp:attachment":[{"href":"https:\/\/pasaenmendoza.com\/index.php?rest_route=%2Fwp%2Fv2%2Fmedia&parent=2194"}],"wp:term":[{"taxonomy":"category","embeddable":true,"href":"https:\/\/pasaenmendoza.com\/index.php?rest_route=%2Fwp%2Fv2%2Fcategories&post=2194"},{"taxonomy":"post_tag","embeddable":true,"href":"https:\/\/pasaenmendoza.com\/index.php?rest_route=%2Fwp%2Fv2%2Ftags&post=2194"}],"curies":[{"name":"wp","href":"https:\/\/api.w.org\/{rel}","templated":true}]}}