{"id":2202,"date":"2023-10-13T14:54:23","date_gmt":"2023-10-13T12:54:23","guid":{"rendered":"https:\/\/pasaenmendoza.com\/?p=2202"},"modified":"2023-10-13T14:54:24","modified_gmt":"2023-10-13T12:54:24","slug":"bullrich-medira-la-lealtad-mendocina-el-17-en-un-escenario-que-ya-colmo-milei","status":"publish","type":"post","link":"https:\/\/pasaenmendoza.com\/?p=2202","title":{"rendered":"Bullrich medir\u00e1 la lealtad mendocina el 17 en un escenario que ya colm\u00f3 Milei"},"content":{"rendered":"\n<p>La candidata presidencial Patricia Bullrich intentar\u00e1 el 17 recuperar terreno en Mendoza, en donde su construcci\u00f3n pol\u00edtica fue m\u00e1s s\u00f3lida que en otras provincias, pero tambi\u00e9n donde MIlei dio la sorpresa.<\/p>\n\n\n\n<p>er\u00e1 el\u00a0<strong>17 de octubre<\/strong>, el &#8220;D\u00eda de la Lealtad Peronista&#8221;:\u00a0<strong>Patricia Bullrich tendr\u00e1 su ba\u00f1o de multitudes en su \u00faltima visita a Mendoza en el Parque O&#8217;Higgins<\/strong>, aquel que en abril de 2022 colmara el exc\u00e9ntrico\u00a0<strong>Javier Milei<\/strong>\u00a0y lo exhibiera como la &#8220;sorpresa&#8221; que finalmente ratific\u00f3 en las PASO aqu\u00ed. Pero hay un antecedente m\u00e1s propio en ese mismo lugar:\u00a0<strong>Mauricio Macri cerr\u00f3 all\u00ed en 2019.<\/strong><\/p>\n\n\n\n<p>Un d\u00eda antes llegar\u00e1n otras figuras de su equipo, como lo anticipara\u00a0<em><strong>Memo<\/strong><\/em>:\u00a0<strong>Miguel Angel Pichetto<\/strong>, ya completamente alineado con ella y que est\u00e1 recorriendo provincia por provincia en su respaldo, tras se candidato en la lista de Horacio Rodr\u00edguez Larreta y quedar como aspirante a la C\u00e1mara de Diputados de la Naci\u00f3n. Con \u00e9l, el coronel retirado\u00a0<strong>Marcelo Rozas Garay<\/strong>.<\/p>\n\n\n\n<p>Otro exlarretista que la impulsa es el intendente anfitri\u00f3n,\u00a0<strong>Ulpiano Suarez<\/strong>, que result\u00f3 uno de los m\u00e1s votados de Mendoza en las pasadas elecciones y qued\u00f3 reelecto.<\/p>\n\n\n\n<p>La candidata presidencial intentar\u00e1 dar un golpe de efecto en una provincia que esperaba le fuera fiel y una en donde mejor pudo construir su precandidatura. La acompa\u00f1ar\u00e1&nbsp;<strong>Luis Petri<\/strong>, su compa\u00f1ero de f\u00f3rmula y el gobernador electo,&nbsp;<strong>Alfredo Cornejo<\/strong>, quien con su incursi\u00f3n nacional ya le est\u00e1 dando un fuerte respaldo.<\/p>\n\n\n\n<p>Aqu\u00ed, se aguarda que sume esta vez a mucha gente que estuvo dispersa en las PASO, como es el caso de los que se fueron con el exmacrista Omar De Marchi y que la prefieren antes que a Sergio Massa o Milei, en contra de la continuidad o la incerdidumbre, respectivamente, como es el caso de Gustavo Cairo.<\/p>\n\n\n\n<p>FUENTE: memo.com.ar<\/p>\n","protected":false},"excerpt":{"rendered":"<p>La candidata presidencial Patricia Bullrich intentar\u00e1 el 17 recuperar terreno en Mendoza, en donde su construcci\u00f3n pol\u00edtica fue m\u00e1s s\u00f3lida que en otras provincias, pero tambi\u00e9n donde MIlei dio la sorpresa. er\u00e1 el\u00a017 de octubre, el &#8220;D\u00eda de la Lealtad Peronista&#8221;:\u00a0Patricia Bullrich tendr\u00e1 su ba\u00f1o de multitudes en su \u00faltima visita a Mendoza en el [&hellip;]<\/p>\n","protected":false},"author":2,"featured_media":2203,"comment_status":"open","ping_status":"open","sticky":true,"template":"","format":"standard","meta":[],"categories":[47],"tags":[],"_links":{"self":[{"href":"https:\/\/pasaenmendoza.com\/index.php?rest_route=\/wp\/v2\/posts\/2202"}],"collection":[{"href":"https:\/\/pasaenmendoza.com\/index.php?rest_route=\/wp\/v2\/posts"}],"about":[{"href":"https:\/\/pasaenmendoza.com\/index.php?rest_route=\/wp\/v2\/types\/post"}],"author":[{"embeddable":true,"href":"https:\/\/pasaenmendoza.com\/index.php?rest_route=\/wp\/v2\/users\/2"}],"replies":[{"embeddable":true,"href":"https:\/\/pasaenmendoza.com\/index.php?rest_route=%2Fwp%2Fv2%2Fcomments&post=2202"}],"version-history":[{"count":1,"href":"https:\/\/pasaenmendoza.com\/index.php?rest_route=\/wp\/v2\/posts\/2202\/revisions"}],"predecessor-version":[{"id":2204,"href":"https:\/\/pasaenmendoza.com\/index.php?rest_route=\/wp\/v2\/posts\/2202\/revisions\/2204"}],"wp:featuredmedia":[{"embeddable":true,"href":"https:\/\/pasaenmendoza.com\/index.php?rest_route=\/wp\/v2\/media\/2203"}],"wp:attachment":[{"href":"https:\/\/pasaenmendoza.com\/index.php?rest_route=%2Fwp%2Fv2%2Fmedia&parent=2202"}],"wp:term":[{"taxonomy":"category","embeddable":true,"href":"https:\/\/pasaenmendoza.com\/index.php?rest_route=%2Fwp%2Fv2%2Fcategories&post=2202"},{"taxonomy":"post_tag","embeddable":true,"href":"https:\/\/pasaenmendoza.com\/index.php?rest_route=%2Fwp%2Fv2%2Ftags&post=2202"}],"curies":[{"name":"wp","href":"https:\/\/api.w.org\/{rel}","templated":true}]}}