{"id":2205,"date":"2023-10-13T15:00:40","date_gmt":"2023-10-13T13:00:40","guid":{"rendered":"https:\/\/pasaenmendoza.com\/?p=2205"},"modified":"2023-10-13T15:00:41","modified_gmt":"2023-10-13T13:00:41","slug":"de-marchi-eligio-no-criticar-a-massa-por-la-inflacion-y-si-cargar-las-tintas-sobre-mendoza","status":"publish","type":"post","link":"https:\/\/pasaenmendoza.com\/?p=2205","title":{"rendered":"De Marchi eligi\u00f3 no criticar a Massa por la inflaci\u00f3n y s\u00ed cargar las tintas sobre Mendoza"},"content":{"rendered":"\n<p>Luego de que todos los peronistas que lo hab\u00eda apoyado volvieran a Uni\u00f3n por la Patria, y se le fueran sus aliados sancarlinos tambi\u00e9n hacia esa fuerza en apoyo a la candidatura presidencial del ministro de Econom\u00eda, Sergio Massa, ahora Omar De Marchi hizo lo suyo, pero en forma retorcida: se cuid\u00f3 de criticar al funcionario nacional responsable de la pol\u00edtica econ\u00f3mica, y en su lugar critic\u00f3 al gobierno de Mendoza por la inflaci\u00f3n.<\/p>\n\n\n\n<p>El excandidato a la gobernaci\u00f3n derrotado recientemente, ha venido oscilando entre apoyar a Javier Milei -de quien no consigui\u00f3 respaldo para s\u00ed- y seguir cultivando su conocida buena relaci\u00f3n con Massa, m\u00e1s aun cuando gran parte de quienes lo apoyaron en La Uni\u00f3n Mendocina se fueron o retornaron al peronismo.<\/p>\n\n\n\n<p>Es el segundo mes de alt\u00edsima inflaci\u00f3n en la que De Marchi (que todav\u00eda ocupa una banca de diputado por Mendoza a la que ingres\u00f3 siendo del PRO y que deber\u00e1 entregar el 10 de diciembre) no critica al gobierno nacional, del que antes era ferviente opositor.<\/p>\n\n\n\n<p>En su lugar decidi\u00f3 volcar su furia en las redes contra el gobierno mendocino. &#8220;La inflaci\u00f3n de Mendoza en setiembre fue 16,9%, m\u00e1s de 4 puntos que el promedio nacional (12,7%)&#8221;, repiti\u00f3 los datos ya conocidos este jueves. Y critic\u00f3 con argumentos ya usados en la campa\u00f1a pasada y con los que no conquist\u00f3 el triunfo: &#8220;Vivimos en la provincia m\u00e1s cara, con los sueldos m\u00e1s bajos&#8221;.<\/p>\n\n\n\n<p>Luego se\u00f1al\u00f3, en referencia a quienes fueron sus socios de Cambia Mendoza durante 7,5 a\u00f1os,\u00a0 que &#8220;todo lo resuelven con m\u00e1s impuestos, seg\u00fan el presupuesto 2024 enviado a la Legislatura&#8221;. Y en ese sentido, consider\u00f3 que &#8220;la \u00fanica idea del gobierno de Mendoza es aumentar impuestos. Para que los n\u00fameros cierren, la econom\u00eda debe crecer, y para eso deben bajar gastos y bajar impuestos&#8221;.\u00a0<\/p>\n\n\n\n<p>FUENTE: memo.com.ar<\/p>\n","protected":false},"excerpt":{"rendered":"<p>Luego de que todos los peronistas que lo hab\u00eda apoyado volvieran a Uni\u00f3n por la Patria, y se le fueran sus aliados sancarlinos tambi\u00e9n hacia esa fuerza en apoyo a la candidatura presidencial del ministro de Econom\u00eda, Sergio Massa, ahora Omar De Marchi hizo lo suyo, pero en forma retorcida: se cuid\u00f3 de criticar al [&hellip;]<\/p>\n","protected":false},"author":2,"featured_media":2206,"comment_status":"open","ping_status":"open","sticky":true,"template":"","format":"standard","meta":[],"categories":[47],"tags":[],"_links":{"self":[{"href":"https:\/\/pasaenmendoza.com\/index.php?rest_route=\/wp\/v2\/posts\/2205"}],"collection":[{"href":"https:\/\/pasaenmendoza.com\/index.php?rest_route=\/wp\/v2\/posts"}],"about":[{"href":"https:\/\/pasaenmendoza.com\/index.php?rest_route=\/wp\/v2\/types\/post"}],"author":[{"embeddable":true,"href":"https:\/\/pasaenmendoza.com\/index.php?rest_route=\/wp\/v2\/users\/2"}],"replies":[{"embeddable":true,"href":"https:\/\/pasaenmendoza.com\/index.php?rest_route=%2Fwp%2Fv2%2Fcomments&post=2205"}],"version-history":[{"count":1,"href":"https:\/\/pasaenmendoza.com\/index.php?rest_route=\/wp\/v2\/posts\/2205\/revisions"}],"predecessor-version":[{"id":2207,"href":"https:\/\/pasaenmendoza.com\/index.php?rest_route=\/wp\/v2\/posts\/2205\/revisions\/2207"}],"wp:featuredmedia":[{"embeddable":true,"href":"https:\/\/pasaenmendoza.com\/index.php?rest_route=\/wp\/v2\/media\/2206"}],"wp:attachment":[{"href":"https:\/\/pasaenmendoza.com\/index.php?rest_route=%2Fwp%2Fv2%2Fmedia&parent=2205"}],"wp:term":[{"taxonomy":"category","embeddable":true,"href":"https:\/\/pasaenmendoza.com\/index.php?rest_route=%2Fwp%2Fv2%2Fcategories&post=2205"},{"taxonomy":"post_tag","embeddable":true,"href":"https:\/\/pasaenmendoza.com\/index.php?rest_route=%2Fwp%2Fv2%2Ftags&post=2205"}],"curies":[{"name":"wp","href":"https:\/\/api.w.org\/{rel}","templated":true}]}}