{"id":2208,"date":"2023-10-13T15:03:31","date_gmt":"2023-10-13T13:03:31","guid":{"rendered":"https:\/\/pasaenmendoza.com\/?p=2208"},"modified":"2023-10-13T15:03:33","modified_gmt":"2023-10-13T13:03:33","slug":"a-dos-meses-de-su-asuncion-como-gobernador-asi-se-esta-preparando-alfredo-cornejo","status":"publish","type":"post","link":"https:\/\/pasaenmendoza.com\/?p=2208","title":{"rendered":"A dos meses de su asunci\u00f3n como gobernador, as\u00ed se est\u00e1 preparando Alfredo Cornejo"},"content":{"rendered":"\n<p>Ya con las elecciones provinciales en el pasado y con la mente puesta en lo que ser\u00e1 un nuevo mandato como gobernador de&nbsp;<strong>Mendoza<\/strong>,&nbsp;<strong>Alfredo Cornejo<\/strong>&nbsp;se encuentra activo con reuniones de gesti\u00f3n o con actividades abocadas a la campa\u00f1a nacional, en donde es una figura importante dentro del esquema de&nbsp;<strong>Juntos por el Cambio<\/strong>.<\/p>\n\n\n\n<p>Si bien ha bajado la intensidad de actividades en comparaci\u00f3n a lo que fueron las semanas previas a los comicios provinciales del 24 de septiembre, Cornejo ha seguido con su agenda pol\u00edtica, sobre todo con lo que ser\u00e1 su nuevo gobierno en la provincia.<\/p>\n\n\n\n<p>El actual senador nacional ha mermado las apariciones p\u00fablicas para estar concentrado en sus reuniones privadas en las que\u00a0<mark>se \u201csent\u00f3\u201d a diagramar el proyecto de Ley del Presupuesto 2024 y en lo que ser\u00e1 su pr\u00f3ximo gabinete<\/mark>. En el medio de la \u201c<em>rosca<\/em>\u201d por quienes ser\u00e1n los responsables de encabezar los ministerios provinciales se encuentra una campa\u00f1a nacional a la que le quedan los d\u00edas contados.<\/p>\n\n\n\n<p>Respecto a su agenda, Cornejo junto a quien ser\u00e1 su compa\u00f1era de gesti\u00f3n,&nbsp;<strong>Hebe Casado<\/strong>,<mark>&nbsp;estuvieron en la tarde de este jueves en la Embajada de Espa\u00f1a.<\/mark>&nbsp;Los referentes de Cambia Mendoza fueron los invitados de honor de un acto protocolar que encabez\u00f3 el C\u00f3nsul del pa\u00eds ib\u00e9rico en Mendoza,&nbsp;<strong>Ram\u00f3n Blecua Casas<\/strong>, junto a reconocidos empresarios y autoridades diplom\u00e1ticas.<\/p>\n\n\n\n<p>El mi\u00e9rcoles, el legislador nacional se reuni\u00f3 con la Presidenta de la Suprema Corte de Justicia,\u00a0<strong>Teresa Ovejero<\/strong>, y sus miembros en el que conversaron sobre el sistema judicial que implement\u00f3 en Mendoza durante su primera gesti\u00f3n como gobernador.<\/p>\n\n\n\n<p>Ya de cara a lo que ser\u00e1n los pr\u00f3ximos d\u00edas, desde el entorno del ex intendente de Godoy Cruz adelantaron a<em>&nbsp;El Sol<\/em>&nbsp;que el referente radical estar\u00e1 abocado a lo que ser\u00e1 la \u00faltima semana de campa\u00f1a.&nbsp;<mark>El pr\u00f3ximo martes, la candidata a presidente de Juntos por el Cambio,&nbsp;<strong>Patricia Bullrich<\/strong>&nbsp;estar\u00e1 Mendoza&nbsp;<\/mark>y ser\u00e1 recibida por su sociopol\u00edtico.<\/p>\n\n\n\n<p>\u201c<em>El martes viene Bullrich as\u00ed que el finde vamos a terminar de organizar lo que ser\u00e1 su visita y la \u00faltima semana de campa\u00f1a. \u00c9l quiere que haya mucha presencia en las calles y los barrios<\/em>\u201d, aseguraron.<\/p>\n\n\n\n<p>FUENTE: elsol.com.ar<\/p>\n","protected":false},"excerpt":{"rendered":"<p>Ya con las elecciones provinciales en el pasado y con la mente puesta en lo que ser\u00e1 un nuevo mandato como gobernador de&nbsp;Mendoza,&nbsp;Alfredo Cornejo&nbsp;se encuentra activo con reuniones de gesti\u00f3n o con actividades abocadas a la campa\u00f1a nacional, en donde es una figura importante dentro del esquema de&nbsp;Juntos por el Cambio. Si bien ha bajado [&hellip;]<\/p>\n","protected":false},"author":2,"featured_media":2209,"comment_status":"open","ping_status":"open","sticky":true,"template":"","format":"standard","meta":[],"categories":[47],"tags":[],"_links":{"self":[{"href":"https:\/\/pasaenmendoza.com\/index.php?rest_route=\/wp\/v2\/posts\/2208"}],"collection":[{"href":"https:\/\/pasaenmendoza.com\/index.php?rest_route=\/wp\/v2\/posts"}],"about":[{"href":"https:\/\/pasaenmendoza.com\/index.php?rest_route=\/wp\/v2\/types\/post"}],"author":[{"embeddable":true,"href":"https:\/\/pasaenmendoza.com\/index.php?rest_route=\/wp\/v2\/users\/2"}],"replies":[{"embeddable":true,"href":"https:\/\/pasaenmendoza.com\/index.php?rest_route=%2Fwp%2Fv2%2Fcomments&post=2208"}],"version-history":[{"count":1,"href":"https:\/\/pasaenmendoza.com\/index.php?rest_route=\/wp\/v2\/posts\/2208\/revisions"}],"predecessor-version":[{"id":2210,"href":"https:\/\/pasaenmendoza.com\/index.php?rest_route=\/wp\/v2\/posts\/2208\/revisions\/2210"}],"wp:featuredmedia":[{"embeddable":true,"href":"https:\/\/pasaenmendoza.com\/index.php?rest_route=\/wp\/v2\/media\/2209"}],"wp:attachment":[{"href":"https:\/\/pasaenmendoza.com\/index.php?rest_route=%2Fwp%2Fv2%2Fmedia&parent=2208"}],"wp:term":[{"taxonomy":"category","embeddable":true,"href":"https:\/\/pasaenmendoza.com\/index.php?rest_route=%2Fwp%2Fv2%2Fcategories&post=2208"},{"taxonomy":"post_tag","embeddable":true,"href":"https:\/\/pasaenmendoza.com\/index.php?rest_route=%2Fwp%2Fv2%2Ftags&post=2208"}],"curies":[{"name":"wp","href":"https:\/\/api.w.org\/{rel}","templated":true}]}}