{"id":2211,"date":"2023-10-13T15:09:38","date_gmt":"2023-10-13T13:09:38","guid":{"rendered":"https:\/\/pasaenmendoza.com\/?p=2211"},"modified":"2023-10-13T15:09:39","modified_gmt":"2023-10-13T13:09:39","slug":"el-acto-con-el-que-los-gremios-mendocinos-recibiran-a-sergio-massa-este-viernes","status":"publish","type":"post","link":"https:\/\/pasaenmendoza.com\/?p=2211","title":{"rendered":"El &#8220;acto&#8221; con el que los gremios mendocinos recibir\u00e1n a Sergio Massa este viernes"},"content":{"rendered":"\n<p>Sergio Gim\u00e9nez, secretario General de la Asociaci\u00f3n Bancaria Mendoza, confirm\u00f3 un acto de &#8220;los trabajadores y las trabajadoras en apoyo a la f\u00f3rmula de Massa-Rossi\u201d.<\/p>\n\n\n\n<p><strong>Sergio Massa<\/strong>, candidato a presidente de\u00a0Uni\u00f3n por la Patria, finalmente confirm\u00f3 que llegar\u00e1 a Mendoza el pr\u00f3ximo viernes. Si bien la visita estaba planeada para el mi\u00e9rcoles, el ministro de Econom\u00eda tuvo que postergar su viaje por la corrida cambiaria.<\/p>\n\n\n\n<p>De esta manera,\u00a0<strong>Massa\u00a0<\/strong>recorrer\u00e1 San Rafael en la que ser\u00e1 su cuarta visita a la provincia en lo que va del a\u00f1o, con una agenda muy cargada en el cierre de su campa\u00f1a electoral.<\/p>\n\n\n\n<p><strong>Sergio Gim\u00e9nez<\/strong>, secretario General de la Asociaci\u00f3n Bancaria Mendoza, habl\u00f3 este jueves en\u00a0MDZ Radio 105.5 FM\u00a0y confirm\u00f3 que est\u00e1n organizando un acto de la CGT organizada con \u201clos compa\u00f1eros y compa\u00f1eras\u201d de la CTA para el pr\u00f3ximo mi\u00e9rcoles 18, \u201cun acto de los trabajadores y las trabajadoras en apoyo a la f\u00f3rmula de\u00a0<strong>Massa<\/strong>-Rossi\u201d.<\/p>\n\n\n\n<p>Sobre el apoyo del sector al candidato de Uni\u00f3n por la Patria,\u00a0<strong>Gim\u00e9nez\u00a0<\/strong>sostuvo: \u201cEntendemos que la agenda que hoy est\u00e1 proponiendo\u00a0<strong>Sergio Massa<\/strong>\u00a0es la agenda en donde nos sentimos representados. Esa agenda de crecimiento, de desarrollo, de inclusi\u00f3n y distribuci\u00f3n del ingreso es donde nos vemos reflejados los trabajadores y las trabajadoras, en donde podamos mantener los derechos que tenemos y generar u obtener nuevos derechos\u201d.<\/p>\n\n\n\n<p>\u201cEl objetivo es que nuestro candidato ingrese al balotaje; si se pudiese ganar en primera vuelta estar\u00edamos s\u00faper felices. Pero en pos de lograr esto, me parece que hay que hacer todos los esfuerzos y cualquier diferencia que podemos tener con&nbsp; algunos sectores deben disimularse a trav\u00e9s de lo m\u00e1s importante, que es que<strong>&nbsp;Sergio Massa<\/strong>&nbsp;ingrese al balotaje y participemos con muchas expectativas el pr\u00f3ximo 19 de noviembre\u201d, adelant\u00f3 en&nbsp;<em>Sonr\u00eda lo Estamos Filmando<\/em>.<\/p>\n\n\n\n<p><strong>Gim\u00e9nez&nbsp;<\/strong>no intent\u00f3 justificar la crisis actual, ya que asegur\u00f3 que \u201cel mendocino o mendocina cobra sus haberes y empieza a hacer los gastos naturales para el sustento de su familia y no llega al 15, ah\u00ed se terminan todos los argumentos y el desgrane de esta realidad, que es la que nos golpea a diario\u201d. Sin embargo, afirm\u00f3 que \u201cno es menos cierto que el ministro devenido en candidato cuando asume, ante una situaci\u00f3n complicada, empieza a acomodar las variables macro y hubo una tendencia de la inflaci\u00f3n a la baja. Y despu\u00e9s aparece la sequ\u00eda, que priv\u00f3 entre 21 mil y 25 mil millones de ingresos\u201d.<\/p>\n\n\n\n<p>\u201cSin justificar \u2013 insisti\u00f3 &#8211; pero cuando tuvimos d\u00f3lares no supimos cuidarlos, cuando tuvimos la balanza comercial favorable no supimos cuidarla, despu\u00e9s tuvimos que pasar por esta situaci\u00f3n que estamos atravesando\u201d.<\/p>\n\n\n\n<p>Adem\u00e1s, augur\u00f3 un futuro cercano m\u00e1s favorable: \u201cEntiendo que la perspectiva que se nos abre para el 2024 es que se empieza a acomodar la macro, se empieza a acomodar el stock de d\u00f3lares y con eso deber\u00eda empezar a ceder, no solo la inflaci\u00f3n sino la tasa de inter\u00e9s y con ello empezar a generar un c\u00edrculo virtuoso que genere mucho m\u00e1s empleo\u201d.<\/p>\n\n\n\n<p>Tambi\u00e9n hizo referencia a los dichos de Javier Milei sobre los plazos fijos, y expres\u00f3: \u201cNos preocupa la intenci\u00f3n de generar una corrida bancaria. Hoy el sistema financiero est\u00e1 s\u00f3lido; cuando el candidato libertario plantea que no se renueven los plazos fijos y se lleven la plata, eso es lo problem\u00e1tico. No se puede ser tan irresponsable\u201d.<\/p>\n\n\n\n<p>FUENTE: mdzonline.<\/p>\n","protected":false},"excerpt":{"rendered":"<p>Sergio Gim\u00e9nez, secretario General de la Asociaci\u00f3n Bancaria Mendoza, confirm\u00f3 un acto de &#8220;los trabajadores y las trabajadoras en apoyo a la f\u00f3rmula de Massa-Rossi\u201d. Sergio Massa, candidato a presidente de\u00a0Uni\u00f3n por la Patria, finalmente confirm\u00f3 que llegar\u00e1 a Mendoza el pr\u00f3ximo viernes. Si bien la visita estaba planeada para el mi\u00e9rcoles, el ministro de [&hellip;]<\/p>\n","protected":false},"author":2,"featured_media":2212,"comment_status":"open","ping_status":"open","sticky":true,"template":"","format":"standard","meta":[],"categories":[47],"tags":[],"_links":{"self":[{"href":"https:\/\/pasaenmendoza.com\/index.php?rest_route=\/wp\/v2\/posts\/2211"}],"collection":[{"href":"https:\/\/pasaenmendoza.com\/index.php?rest_route=\/wp\/v2\/posts"}],"about":[{"href":"https:\/\/pasaenmendoza.com\/index.php?rest_route=\/wp\/v2\/types\/post"}],"author":[{"embeddable":true,"href":"https:\/\/pasaenmendoza.com\/index.php?rest_route=\/wp\/v2\/users\/2"}],"replies":[{"embeddable":true,"href":"https:\/\/pasaenmendoza.com\/index.php?rest_route=%2Fwp%2Fv2%2Fcomments&post=2211"}],"version-history":[{"count":1,"href":"https:\/\/pasaenmendoza.com\/index.php?rest_route=\/wp\/v2\/posts\/2211\/revisions"}],"predecessor-version":[{"id":2213,"href":"https:\/\/pasaenmendoza.com\/index.php?rest_route=\/wp\/v2\/posts\/2211\/revisions\/2213"}],"wp:featuredmedia":[{"embeddable":true,"href":"https:\/\/pasaenmendoza.com\/index.php?rest_route=\/wp\/v2\/media\/2212"}],"wp:attachment":[{"href":"https:\/\/pasaenmendoza.com\/index.php?rest_route=%2Fwp%2Fv2%2Fmedia&parent=2211"}],"wp:term":[{"taxonomy":"category","embeddable":true,"href":"https:\/\/pasaenmendoza.com\/index.php?rest_route=%2Fwp%2Fv2%2Fcategories&post=2211"},{"taxonomy":"post_tag","embeddable":true,"href":"https:\/\/pasaenmendoza.com\/index.php?rest_route=%2Fwp%2Fv2%2Ftags&post=2211"}],"curies":[{"name":"wp","href":"https:\/\/api.w.org\/{rel}","templated":true}]}}