{"id":2214,"date":"2023-10-16T14:55:47","date_gmt":"2023-10-16T12:55:47","guid":{"rendered":"https:\/\/pasaenmendoza.com\/?p=2214"},"modified":"2023-10-16T14:55:48","modified_gmt":"2023-10-16T12:55:48","slug":"a-que-se-dedican-hoy-los-candidatos-mendocinos-al-congreso","status":"publish","type":"post","link":"https:\/\/pasaenmendoza.com\/?p=2214","title":{"rendered":"A qu\u00e9 se dedican hoy los candidatos mendocinos al Congreso"},"content":{"rendered":"\n<p>Algunos ocupan varios cargos electivos, otros ya los ocuparon y hay quienes se dedican a sus profesiones. Educaci\u00f3n F\u00edsica, Econom\u00eda, Obrera de la vi\u00f1a, Comunicadora Social. Qu\u00e9 hacen.<\/p>\n\n\n\n<p>El 22 de este mes, adem\u00e1s de la categor\u00eda presidente y vice hay que ir a votar\u00a0<strong>diputados nacionales<\/strong>. Mendoza tiene diez bancas en el\u00a0<strong>Congreso<\/strong>\u00a0y renueva la mitad. Los candidatos adem\u00e1s de representar a distintos frentes electorales, tambi\u00e9n se dedican actualmente a distintas profesiones u ocupan u ocuparon cargos electivos. Un profe de Educaci\u00f3n F\u00edsica, Economistas, una comunicadora social, los distintos rubros de quienes pujan por una banca.\u00a0<\/p>\n\n\n\n<p>La lista que aparece primera\u00a0en la p\u00e1gina de la C\u00e1mara Nacional Electoral\u00a0es la de Cambia Mendoza que lleva la f\u00f3rmula Patricia Bullrich- Luis Petri a la presidencia. Como candidato a<strong>\u00a0diputado\u00a0nacional<\/strong>\u00a0en primer t\u00e9rmino, aparece Lisandro Nieri quien ya es diputado ya ahora finaliza su mandato. Fue poco tiempo, reemplazo en 2021 a Alfredo Cornejo cuando el futuro gobernador pas\u00f3 al Senado. Es licenciado en Econom\u00eda, egresado de la facultad de Ciencias Econ\u00f3micas de la UNCuyo. Antes de estar en el Congreso, fue el ministro de Hacienda de Cornejo.<\/p>\n\n\n\n<p>En la lista va segunda Patricia Gim\u00e9nez. Es profe de Matem\u00e1tica, F\u00edsica y Cosmograf\u00eda egresada de Universidad Juan Agust\u00edn Maza. Aunque desde fines de los &#8217;90 est\u00e1 vinculada a la pol\u00edtica: fue directora de Estad\u00edsticas del Gobierno de Julio Cobos (2003-2007) y diputada nacional entre 2013 y 2017.\u00a0Victor Iba\u00f1ez, quien va tercero en la lista es abogado constitucionalista, es profesor universitario, ha ocupado cargos en la UNCuyo\u00a0y en los \u00faltimos cuatro a\u00f1os fue el ministro de Gobierno de Rodolfo Suarez.<\/p>\n\n\n\n<p>En el Frente de Izquierda y Trabajadores aparece primera Laura Espeche, quien es soci\u00f3loga y se dedica a dar clases en media. En segundo lugar, Esteban Rodr\u00edguez quien tambi\u00e9n es profe de Biolog\u00eda en educaci\u00f3n secundaria. Ana Maya va tercera y es una referente de los trabajadores vitivin\u00edcolas, ha trabajado toda su vida en la vi\u00f1a.\u00a0Ninguno ocup\u00f3 cargos p\u00fablicos.<\/p>\n\n\n\n<p>En la Libertad Avanza, los\u00a0<strong>candidatos\u00a0<\/strong>de Javier Milei se encuentra\u00a0una polit\u00f3loga, un contador p\u00fablico y corredor inmobiliario y una comunicadora social. Mercedes Llano, va primera en la boleta. Es actualmente diputada provincial por el PD y fue concejal por Godoy Cruz. Va segundo Facundo Correa Llano- el contador y corredor inmobiliario-\u00a0quien\u00a0fue asesor de Llano en la Legislatura.\u00a0Correa Llano\u00a0nunca tuvo un cargo electivo, es del Partido Dem\u00f3crata y actualmente preside en la provincia La Libertad Avanza. Lourdes Arrieta es comunicadora y es evag\u00e9lica.<\/p>\n\n\n\n<p>En Libres del Sur, el primer\u00a0<strong>candidato\u00a0<\/strong>Adri\u00e1n Bonada\u00a0es estudiante avanzado de Ciencias pol\u00edticas, es el coordinador territorial de Libres del Sur y es parte del equipo legislativo del senador provincial Ernesto Mancinelli. El segundo en la lista es Mat\u00edas Robledo quien es abogado. En tanto que Paola Gim\u00e9nez integra el equipo legislativo de la concejala \u00c9rica Gim\u00e9nez (no son parientes).<\/p>\n\n\n\n<p>Uni\u00f3n por la Patria que lleva a Sergio Massa como presidente, en primer t\u00e9rmino postula en Mendoza a\u00a0Mart\u00edn Aveiro. Es el actual intendente de Tunuy\u00e1n. Se postul\u00f3 este a\u00f1o como primer concejal y renunciar\u00e1 a la banca que ya gan\u00f3 si llega al\u00a0<strong>Congreso.<\/strong>\u00a0Es profe de Educaci\u00f3n F\u00edsica. Amalia Granata va segunda. Es economista. No ha tenido cargos p\u00fablicos electivos,\u00a0es asesora de la senadora nacional Anabel Fern\u00e1ndez Sagasti. Despu\u00e9s de ella, en tercer t\u00e9rmino aparece como precandidato Pablo Portusso, uno de los directores de IMPSA. Es ingeniero industrial, parte del equipo de asesores de Sagasti. En 2014, fue director de Energ\u00eda de la provincia<\/p>\n\n\n\n<p>FUENTE: mdzonline.<\/p>\n","protected":false},"excerpt":{"rendered":"<p>Algunos ocupan varios cargos electivos, otros ya los ocuparon y hay quienes se dedican a sus profesiones. Educaci\u00f3n F\u00edsica, Econom\u00eda, Obrera de la vi\u00f1a, Comunicadora Social. Qu\u00e9 hacen. El 22 de este mes, adem\u00e1s de la categor\u00eda presidente y vice hay que ir a votar\u00a0diputados nacionales. Mendoza tiene diez bancas en el\u00a0Congreso\u00a0y renueva la mitad. [&hellip;]<\/p>\n","protected":false},"author":2,"featured_media":2215,"comment_status":"open","ping_status":"open","sticky":true,"template":"","format":"standard","meta":[],"categories":[47],"tags":[],"_links":{"self":[{"href":"https:\/\/pasaenmendoza.com\/index.php?rest_route=\/wp\/v2\/posts\/2214"}],"collection":[{"href":"https:\/\/pasaenmendoza.com\/index.php?rest_route=\/wp\/v2\/posts"}],"about":[{"href":"https:\/\/pasaenmendoza.com\/index.php?rest_route=\/wp\/v2\/types\/post"}],"author":[{"embeddable":true,"href":"https:\/\/pasaenmendoza.com\/index.php?rest_route=\/wp\/v2\/users\/2"}],"replies":[{"embeddable":true,"href":"https:\/\/pasaenmendoza.com\/index.php?rest_route=%2Fwp%2Fv2%2Fcomments&post=2214"}],"version-history":[{"count":1,"href":"https:\/\/pasaenmendoza.com\/index.php?rest_route=\/wp\/v2\/posts\/2214\/revisions"}],"predecessor-version":[{"id":2216,"href":"https:\/\/pasaenmendoza.com\/index.php?rest_route=\/wp\/v2\/posts\/2214\/revisions\/2216"}],"wp:featuredmedia":[{"embeddable":true,"href":"https:\/\/pasaenmendoza.com\/index.php?rest_route=\/wp\/v2\/media\/2215"}],"wp:attachment":[{"href":"https:\/\/pasaenmendoza.com\/index.php?rest_route=%2Fwp%2Fv2%2Fmedia&parent=2214"}],"wp:term":[{"taxonomy":"category","embeddable":true,"href":"https:\/\/pasaenmendoza.com\/index.php?rest_route=%2Fwp%2Fv2%2Fcategories&post=2214"},{"taxonomy":"post_tag","embeddable":true,"href":"https:\/\/pasaenmendoza.com\/index.php?rest_route=%2Fwp%2Fv2%2Ftags&post=2214"}],"curies":[{"name":"wp","href":"https:\/\/api.w.org\/{rel}","templated":true}]}}