{"id":2217,"date":"2023-10-16T15:01:39","date_gmt":"2023-10-16T13:01:39","guid":{"rendered":"https:\/\/pasaenmendoza.com\/?p=2217"},"modified":"2023-10-16T15:01:40","modified_gmt":"2023-10-16T13:01:40","slug":"luis-petri-nosotros-tenemos-una-historia-a-la-hora-de-enfrentar-al-kirchnerismo","status":"publish","type":"post","link":"https:\/\/pasaenmendoza.com\/?p=2217","title":{"rendered":"Luis Petri: &#8220;Nosotros tenemos una historia a la hora de enfrentar al kirchnerismo&#8221;"},"content":{"rendered":"\n<p>El candidato a vicepresidente de la Naci\u00f3n de Juntos por el Cambio palpita los \u00faltimos d\u00edas de campa\u00f1a antes de que se lleven a cabo las elecciones generales este domingo 22 de octubre.<\/p>\n\n\n\n<p><strong>Luis Petri<\/strong>, candidato a vicepresidente de la Naci\u00f3n en representaci\u00f3n de Juntos por el Cambio y se refiri\u00f3 a la contienda que enfrentar\u00e1 junto a su compa\u00f1era de f\u00f3rmula, Patricia Bullrich, este domingo 22 de octubre. Entre otros temas abordados, el dirigente radical oriundo de Mendoza asegur\u00f3 sentirse convencido de que su espacio &#8220;va a estar en el balotaje&#8221; y, adem\u00e1s, lanz\u00f3 duras cr\u00edticas contra el aspirante de la Libertad Avanza, Javier Milei, al se\u00f1alar que &#8220;\u00e9l no denuncia corrupci\u00f3n&#8221; y que JxC tiene &#8220;una historia a la hora de enfrentar al\u00a0<strong>kirchnerismo<\/strong>&#8220;.<\/p>\n\n\n\n<p><strong>&#8211; \u00bfC\u00f3mo manej\u00e1s la ansiedad y la incertidumbre faltando tan pocos d\u00edas para las elecciones?<\/strong><br>&#8211; Trabajando, trabajando y trabajando. Es una semana donde no vamos a definir solamente cuatro a\u00f1os de la Argentina que viene. Vamos a definir muchos a\u00f1os m\u00e1s y Juntos por el Cambio es la \u00fanica fuerza pol\u00edtica que puede representar un cambio real, profundo y posible. Entonces, lo hemos hecho llegando a todas las provincias del pa\u00eds\u00a0con nuestras propuestas, nuestro equipo y con la fortaleza de una fuerza pol\u00edtica que tiene m\u00e1s de 500 intendentes, 10\u00a0gobernadores y que tiene el liderazgo de Patricia,\u00a0que puede garantizar el cambio con gobernabilidad, algo que no lo puede garantizar Javier Milei y menos Sergio Massa.\u00a0Massa no\u00a0es el cambio, es la continuidad de un gobierno que ha destrozado la econom\u00eda y que se ha llevado puestos a millones de argentinos. Entonces,\u00a0esta \u00faltima semana va a ser intensa. Est\u00e1n los cierre y donde vamos a estar aprovechando cada oportunidad que tenemos para hablarle a los argentinos de lo que vamos a hacer a partir del 10 de diciembre: c\u00f3mo vamos a resolver los problemas\u00a0porque de eso se trata. Es el sprint final y estamos convencidos de que vamos a estar en el balotaje.<\/p>\n\n\n\n<p><strong>&#8211; Gane quien gane, \u00bfqu\u00e9 tan &#8220;caliente va a estar la papa&#8221; para quien asuma el 10 de diciembre?<\/strong><br>&#8211; Ya la situaci\u00f3n es cr\u00edtica, pero no lo sabemos porque estamos gobernados por por tres irresponsables que son Sergio Massa, Cristina Fern\u00e1ndez de Kirchner\u00a0y Alberto Fern\u00e1ndez, que con tal de debe de buscar unos votos, lanzaron un plan platita que es un jubileo de bonos y de aumentos que se le terminan escurriendo de las manos a las personas porque es el plan para hoy e inflaci\u00f3n para ma\u00f1ana. Todos sabemos que estas medidas son de neto corte electoralista\u00a0porque suponen aumentos por \u00fanica vez y\u00a0lo \u00fanico que van a generar es un impacto enorme en\u00a0la inflaci\u00f3n. La inflaci\u00f3n es\u00a0una m\u00e1quina de generar pobreza en la Argentina. Con Sergio Massa como ministro de Econom\u00eda, las consecuencias de su gesti\u00f3n han sido 2 millones de pobres m\u00e1s y una inflaci\u00f3n del casi 140% anualizada. Entonces, est\u00e1 claro que este Gobierno no hace nada por desalentar la inflaci\u00f3n, muy por el contrario, la promueve y la promociona\u00a0porque\u00a0-de alguna manera- est\u00e1 buscando\u00a0que cada vez la dependencia de los argentinos frente al Estado sea mayor.<\/p>\n\n\n\n<p>Hace hace diez a\u00f1os el 32% de los argentinos recib\u00eda alg\u00fan tipo de asistencia del Estado. Esa cifra a fines del 2022 trep\u00f3 al 52% de gente que recibe\u00a0alguna pensi\u00f3n no contributiva, alguna tarjeta alimentar,\u00a0una Asignaci\u00f3n Universal por Hijo o un plan potenciar trabajo. Entonces este gobierno ha multiplicado la pobreza y,\u00a0en definitiva, te quiebra las piernas multiplicando la pobreza y\u00a0te piden que te aplauda las muletas de asistencia. Entonces nosotros decimos hay que cambiar el modelo y apostar a un modelo de producci\u00f3n,\u00a0trabajo e inversi\u00f3n privada, donde hay que achicar el Estado donde tiene que prestar buenos servicios, pero siendo eficiente y a un costo m\u00e1s bajo.<\/p>\n\n\n\n<p>Los \u00fanicos que estamos en condiciones de hacerlo somos los de Juntos por el Cambio. Y&nbsp;lo digo apelando a la historia&#8230; Fuimos nosotros los que frenamos al kirchnerismo&nbsp;durante todo este tiempo. Fue Juntos por el Cambio el que&nbsp;se enfrent\u00f3 al Gobierno y a sus integrantes cuando intentaban&nbsp;avanzar contra el campo. Fue Juntos por el Cambio&nbsp;el que defendi\u00f3 la propiedad privada con&nbsp;la gente en el intento de apropiaci\u00f3n de Vicent\u00edn o de las usurpaciones en la Patagonia. Fue JxC el&nbsp;que impidi\u00f3 que colonizaran&nbsp;el Poder Judicial y&nbsp;destituyeran a los miembros de la Corte garantizando la independencia del Poder Judicial. Y fue el que&nbsp;en la pandemia se plant\u00f3 frente al Gobierno y no solamente denunci\u00f3 el robo de vacunas y la fiesta clandestina en Olivos, sino que sali\u00f3 a defender las libertades de todos los argentinos ac\u00e1 para que abrieran las escuelas y para que&nbsp;permitieran trabajar. Entonces, nosotros tenemos una historia a la hora de enfrentar al&nbsp;<strong>kirchnerismo&nbsp;<\/strong>y a la hora de impedir que avance sobre la Rep\u00fablica. Y esa historia nos valida a la hora de decir que somos la fuerza que puede terminar con el kirchnerismo y este populismo que tiene secuestrado a la Argentina hace m\u00e1s de 20 a\u00f1os.<\/p>\n\n\n\n<p><strong>&#8211; Teniendo en cuenta todos esos antecedentes que mencion\u00e1s -como lo ocurrido en la pandemia-,\u00bfqu\u00e9 pas\u00f3 en el medio para que la gente se fuera de Juntos por el Cambio y se inclinara por una opci\u00f3n m\u00e1s radicalizada como la de Javier Milei?<\/strong><br>&#8211; Por eso es importante este recordatorio y dar cuenta de lo que hicimos porque nosotros toda esta historia&nbsp;no somos los responsables de la crisis que vive el pa\u00eds. El principal responsable es el kirchnerismo que de los \u00faltimos 20 a\u00f1os gobern\u00f3 16. Yo entiendo&nbsp;la angustia de la gente y que por ah\u00ed busque darle un escarmiento,&nbsp;tenga bronca y utilice como instrumento a Javier Milei. Pero, m\u00e1s all\u00e1 de ese llamado de atenci\u00f3n en las PASO, lo cierto es que Javier Milei no puede gobernar el pa\u00eds. No tiene el m\u00fasculo pol\u00edtico para hacerlo y sus ideas nos conducir\u00edan a un salto al vac\u00edo. La implementaci\u00f3n de cada una de sus ideas ser\u00edan desastrosas para el pa\u00eds y se agravar\u00eda la crisis actual.&nbsp;Nos llevar\u00edan decididamente a una hiperinflaci\u00f3n en materia econ\u00f3mica. Ni hablar&nbsp;de otras propuestas que tiene, que claramente generar\u00eda un alt\u00edsimo desempleo. Particularmente lo sufrir\u00eda Mendoza. porque, cuando&nbsp;\u00e9l habla de irse del Mercosur o de romper relaciones con Brasil y con China, demuestra que tiene un desconocimiento absoluto del funcionamiento de las econom\u00edas regionales. 21.000 personas, por ejemplo, en Mendoza, viven del ajo y el 75% de las exportaciones mendocinas de ajo son de Brasil. Si&nbsp;romp\u00e9s el Mercosur,&nbsp;al d\u00eda siguiente empez\u00e1s a entrar a Brasil con arancel&#8230; Entonces, me parece&nbsp;que muchas de las propuestas son nocivas y muy perjudiciales. O esto de la posibilidad de contaminar los r\u00edos cuando cuando toda nuestra actividad agr\u00edcola ganadera depende del agua de los r\u00edos y que es la que nosotros consumimos para, para tomar.<\/p>\n\n\n\n<p>O estas ideas que plantea respecto de la desregulaci\u00f3n del mercado de armas sin acreditar psicof\u00edsico, pr\u00e1ctica de tiro o que no ten\u00e9s antecedentes penales. Esto permitir\u00eda que pacientes psiqui\u00e1tricos o personas con violencia pudiesen adquirir un arma.\u00a0Y esto tambi\u00e9n tiene que ver con renunciar a la funci\u00f3n del Estado de proporcionarle seguridad a la gente. Claramente, las propuestas que tiene son impracticables y peligrosas.<\/p>\n\n\n\n<p><strong>&#8211; \u00bfEste domingo habr\u00e1 mayor protagonismo del voto moderado e inclinado hacia Juntos por el Cambio?<\/strong><br>&#8211; Creo que s\u00ed, porque la gente quiere quiere vivir mejor y vivir tranquila. Quiere que resolvamos los problemas que hoy la angustian y sabe que Juntos por el Cambio es la fuerza pol\u00edtica que representa un cambio real, tiene la fortaleza para llevarlo a cabo y que&nbsp;tiene el poder pol\u00edtico para para garantizar ese cambio y terminar con d\u00e9cadas de populismo en la Argentina.<\/p>\n\n\n\n<p><strong>&#8211; Los esc\u00e1ndalos del kirchnerismo -en cierto modo- parecen siempre darle m\u00e1s r\u00e9dito pol\u00edtico a Milei. El enojo de la gente&nbsp;siempre&nbsp;termina siendo favorable a Milei y no JxC.&nbsp;\u00bfPor qu\u00e9?<\/strong><br>&#8211; Yo no creo que sea favorable a Milei porque \u00e9l no denuncia corrupci\u00f3n.&nbsp;<strong>Milei&nbsp;<\/strong>habla de casta. Nosotros,&nbsp;desde&nbsp;Juntos por el Cambio, somos los que hemos denunciado la corrupci\u00f3n y&nbsp;el saqueo del kirchnerismo desde los comienzos. Muchas veces en soledad.&nbsp;Quienes denunciaron&nbsp;la causa cuaderno,&nbsp;vialidad, Hotesur-Los Sauces, la ruta del dinero K,&nbsp;a&nbsp;Chocolate Rigau y a Mart\u00edn Insaurralde fueron miembros de Juntos por el cambio. Estamos comprometidos con la lucha contra la corrupci\u00f3n y no&nbsp;vemos ese mismo compromiso en Milei. Habla de casta, pero desde hace m\u00e1s de 20 meses es legislador y no ha hecho una sola denuncia para que la Justicia investigue todos los graves hechos de corrupci\u00f3n pasada, pero tambi\u00e9n presente. Esta corrupci\u00f3n a cielo abierto&nbsp;que hab\u00edamos visto en la gesti\u00f3n de Cristina Kirchner la&nbsp;volvemos a ver ahora con los chocolates Rigau y con Mart\u00edn&nbsp;Insaurralde. Y vemos un en escandaloso silencio por parte de Milei, que claramente no tiene en su agenda luchar contra la corrupci\u00f3n.<\/p>\n\n\n\n<p><strong>&#8211; A tu compa\u00f1era de f\u00f3rmula, Patricia Bullrich, muchas veces se le critica que tiene algunas dificultades a la hora de expresarse en lo discursivo. \u00bfQu\u00e9&nbsp;pens\u00e1s al respecto?<\/strong><br>&#8211; Yo creo que Patricia es una persona que&nbsp;habla claro y que habla el lenguaje de la gente y sin eufemismos. Va al punto y dice las cosas que tiene que decir. Me parece que nosotros&nbsp;que lo que es destacable de Patricia&nbsp;es que enfrenta los problemas, propone soluciones y, adem\u00e1s de eso, es una persona \u00edntegra y honesta. No&nbsp;solamente puede mostrar honestidad, sino tambi\u00e9n que ha luchado contra la corrupci\u00f3n. Ella tiene claro cu\u00e1l es la direcci\u00f3n y las decisiones que se tienen que tomar para sacar a esta Argentina que est\u00e1 hundida en un pozo que este Gobierno -con Massa a la cabeza- hace m\u00e1s profundo.<\/p>\n\n\n\n<p><strong>&#8211; En la interna antes de las PASO hubo bastante &#8220;sangre&#8221; en Juntos por el Cambio. Entonces, con el reciente anuncio de la incorporaci\u00f3n de Horacio Rodr\u00edguez&nbsp;Larreta a un eventual Gabinete, \u00bfc\u00f3mo explicarle a la gente que despu\u00e9s de esos meses de tanta tensi\u00f3n, ahora no&nbsp;pas\u00f3 nada?<\/strong><br>&#8211; Somos parte de un mismo mismo espacio y somos parte de Juntos por el cambio. Lo mismo ocurri\u00f3 en Mendoza. Nosotros dijimos despu\u00e9s de la interna \u00edbamos a estar todos juntos y lo mismo hicimos a nivel nacional. Y, de hecho, as\u00ed ocurri\u00f3 porque Horacio Rodr\u00edguez Larreta estuvo con nosotros desde el primer d\u00eda despu\u00e9s del 13 de agosto.&nbsp;Despu\u00e9s tuvimos una reuni\u00f3n con \u00e9l y con Gerardo Morales. Posteriormente, Horacio acompa\u00f1\u00f3 a Patricia. Estuvo en la presentaci\u00f3n de su libro&#8230; Entonces, l\u00f3gicamente las las internas por ah\u00ed generan tensiones que indudablemente tuvimos.<\/p>\n\n\n\n<p><strong>&#8211; \u00bfHay una autocr\u00edtica de que, quiz\u00e1s, se les fue la mano?<\/strong><br>&#8211; Nosotros creemos que hay que mirar para adelante. Est\u00e1 totalmente superado. El fin superior es sacar a la Argentina de esta grav\u00edsima situaci\u00f3n y la \u00fanica fuerza pol\u00edtica que lo puede hacer es Juntos por el Cambio\u00a0con el apoyo de los argentinos.\u00a0Tenemos que estar todos unidos.<\/p>\n\n\n\n<p><strong>&#8211; El juez federal suspendido en sus funciones Walter Bento\u00a0recus\u00f3 a dos consejeros de Juntos por el Cambio en el marco del juicio pol\u00edtico que enfrenta ante el Consejo de la Magistratura, el cual podr\u00eda destituirlo el 8 de noviembre. All\u00ed, fue a fondo contra Patricia Bullrich luego de que ella lo nombrara en el debate electoral. &#8220;\u00bfSabe que le acaban de intervenir el tel\u00e9fono al abogado del juez\u00a0Bento, mendocino? (sic) Porque son parte de las asociaciones il\u00edcitas&#8221;, dijo la candidata a presidenta. \u00bfQu\u00e9 opin\u00e1s? \u00bfFue una declaraci\u00f3n inoportuna?<\/strong><br>&#8211; Yo fui el autor de la ley que establece la obligatoriedad de la colocaci\u00f3n de inhibidores de se\u00f1al. Se aprob\u00f3 en Mendoza en 2008 a nivel nacional en 2017. \u00bfY cu\u00e1l es la raz\u00f3n de esta ley? Es que a partir del ingreso de los celulares en las c\u00e1rceles se modific\u00f3 la din\u00e1mica del funcionamiento. Las c\u00e1rceles eran vistas muchas veces como universidades del delito que especializaban a quienes ingresaban en el mundo delictual. Con el ingreso del celular, lo\u00a0que se ha producido es que, adem\u00e1s de ser universidades del delito -que es algo que vamos a cambiar-, se han transformado en co-working delictuales, donde las personas condenadas siguen liderando sus organizaciones y siguen planificando delitos que tienen repercusi\u00f3n fuera de las c\u00e1rceles.<\/p>\n\n\n\n<p>Hago esa introducci\u00f3n para ir al punto: si nosotros queremos frenar esos delitos que se planifican y se realizan dentro de las c\u00e1rceles, tenemos que tomar cuatro medidas. Primero, c\u00e1rceles de m\u00e1xima seguridad para narcos corruptos y delincuentes peligrosos. Segundo, el restablecimiento de las direcciones de inteligencia penitenciaria que est\u00e1n en todos los pa\u00edses del mundo.&nbsp;Tercero, la colocaci\u00f3n de inhibidores de se\u00f1al. Y cuarto,&nbsp;la posibilidad de realizar escuchas con orden judicial. Esto es lo que estamos planteando con Patricia Bullrich: la posibilidad de que se puedan realizar escuchas dentro de las c\u00e1rceles, obviamente con la debida autorizaci\u00f3n de un juez y en el marco de un proceso penal.<\/p>\n\n\n\n<p><strong>&#8211; Como mendocino, \u00bfqu\u00e9 pens\u00e1s de que haya mencionado ese tema que es tan relevante en la provincia de Mendoza?<\/strong><br>&#8211; Tiene que haber un pronunciamiento del Consejo de la Magistratura urgente.&nbsp;Hay que avanzar r\u00e1pidamente con todas las con todas las garant\u00edas. Pero me parece que es una cosa que se tiene que resolver. No admite m\u00e1s dilaci\u00f3n.<\/p>\n\n\n\n<p><strong>&#8211; \u00bfC\u00f3mo es esa intervenci\u00f3n de tel\u00e9fono que plantea Bullrich?<\/strong><br>&#8211; En algunos casos se ha comprobado que que el abogado es utilizado como instrumento o mensajero de la organizaci\u00f3n criminal. No digo que sea la regla, al contrario, son casos aislados. Pero ha ocurrido que el abogado ha sido parte de la asociaci\u00f3n il\u00edcita, permitiendo o llevando informaci\u00f3n dentro de las c\u00e1rceles para transmitirla afuera. Son. Son casos aislados, pero en estos casos claramente se est\u00e1 cometiendo un delito.<\/p>\n\n\n\n<p>FUENTE: mdzonline.<\/p>\n","protected":false},"excerpt":{"rendered":"<p>El candidato a vicepresidente de la Naci\u00f3n de Juntos por el Cambio palpita los \u00faltimos d\u00edas de campa\u00f1a antes de que se lleven a cabo las elecciones generales este domingo 22 de octubre. Luis Petri, candidato a vicepresidente de la Naci\u00f3n en representaci\u00f3n de Juntos por el Cambio y se refiri\u00f3 a la contienda que [&hellip;]<\/p>\n","protected":false},"author":2,"featured_media":2218,"comment_status":"open","ping_status":"open","sticky":true,"template":"","format":"standard","meta":[],"categories":[47],"tags":[],"_links":{"self":[{"href":"https:\/\/pasaenmendoza.com\/index.php?rest_route=\/wp\/v2\/posts\/2217"}],"collection":[{"href":"https:\/\/pasaenmendoza.com\/index.php?rest_route=\/wp\/v2\/posts"}],"about":[{"href":"https:\/\/pasaenmendoza.com\/index.php?rest_route=\/wp\/v2\/types\/post"}],"author":[{"embeddable":true,"href":"https:\/\/pasaenmendoza.com\/index.php?rest_route=\/wp\/v2\/users\/2"}],"replies":[{"embeddable":true,"href":"https:\/\/pasaenmendoza.com\/index.php?rest_route=%2Fwp%2Fv2%2Fcomments&post=2217"}],"version-history":[{"count":1,"href":"https:\/\/pasaenmendoza.com\/index.php?rest_route=\/wp\/v2\/posts\/2217\/revisions"}],"predecessor-version":[{"id":2219,"href":"https:\/\/pasaenmendoza.com\/index.php?rest_route=\/wp\/v2\/posts\/2217\/revisions\/2219"}],"wp:featuredmedia":[{"embeddable":true,"href":"https:\/\/pasaenmendoza.com\/index.php?rest_route=\/wp\/v2\/media\/2218"}],"wp:attachment":[{"href":"https:\/\/pasaenmendoza.com\/index.php?rest_route=%2Fwp%2Fv2%2Fmedia&parent=2217"}],"wp:term":[{"taxonomy":"category","embeddable":true,"href":"https:\/\/pasaenmendoza.com\/index.php?rest_route=%2Fwp%2Fv2%2Fcategories&post=2217"},{"taxonomy":"post_tag","embeddable":true,"href":"https:\/\/pasaenmendoza.com\/index.php?rest_route=%2Fwp%2Fv2%2Ftags&post=2217"}],"curies":[{"name":"wp","href":"https:\/\/api.w.org\/{rel}","templated":true}]}}