{"id":2220,"date":"2023-10-16T15:06:47","date_gmt":"2023-10-16T13:06:47","guid":{"rendered":"https:\/\/pasaenmendoza.com\/?p=2220"},"modified":"2023-10-16T15:06:48","modified_gmt":"2023-10-16T13:06:48","slug":"que-dijo-cornejo-sobre-el-anuncio-de-bullrich-de-tener-a-larreta-en-su-gabinete","status":"publish","type":"post","link":"https:\/\/pasaenmendoza.com\/?p=2220","title":{"rendered":"Qu\u00e9 dijo Cornejo sobre el anuncio de Bullrich de tener a Larreta en su Gabinete"},"content":{"rendered":"\n<p>En medio de la<strong>\u00a0campa\u00f1a electoral\u00a0<\/strong>que se aproxima a su recta final,\u00a0Patricia Bullrich, candidata presidencial de<strong>\u00a0Juntos por el Cambio<\/strong>, anunci\u00f3 que, en caso de resultar electa, designar\u00e1 a\u00a0Horacio Rodr\u00edguez Larreta\u00a0como jefe de Gabinete. Esta declaraci\u00f3n gener\u00f3 un amplio\u00a0<strong>impacto en el \u00e1mbito pol\u00edtico<\/strong>, recibiendo el\u00a0<strong>respaldo<\/strong>\u00a0de destacados referentes del espacio, entre ellos el\u00a0<strong>gobernador electo de Mendoza,\u00a0Alfredo Cornejo.<\/strong><\/p>\n\n\n\n<p>A trav\u00e9s de la red social X (ex Twitter),\u00a0<strong>Cornejo<\/strong>\u00a0expres\u00f3 su apoyo a la decisi\u00f3n de Bullrich y destac\u00f3 la importancia de la unidad dentro de Juntos por el Cambio. En su mensaje, el senador nacional de la UCR escribi\u00f3: &#8220;Una excelente noticia para @juntoscambioar es la decisi\u00f3n de @PatoBullrich de incorporar a @horaciorlarreta como Jefe de Gabinete. La unidad de nuestro espacio es la base de un gran equipo de Gobierno&#8221;.<\/p>\n\n\n\n<p>Este respaldo por parte de\u00a0<strong>Cornejo<\/strong>\u00a0buscar referozar la imagen de cohesi\u00f3n y trabajo en equipo que busca transmitir Juntos por el Cambio de cara a las\u00a0elecciones presidenciales que se llevar\u00e1n a cabo en ocho d\u00edas, el 22 de octubre. La designaci\u00f3n de Rodr\u00edguez Larreta como eventual Jefe de Gabinete se presenta como un movimiento estrat\u00e9gico para potenciar la gesti\u00f3n de gobierno en caso de que el espacio opositor acceda a la Casa Rosada.<\/p>\n\n\n\n<p>No solo Cornejo ha celebrado esta decisi\u00f3n, sino que otros referentes pol\u00edticos tambi\u00e9n han manifestado su apoyo. El diputado radical de San Luis, Alejandro Cacace, se sum\u00f3 a las muestras de respaldo y afirm\u00f3: &#8220;Excelente el anuncio de Patricia Bullrich de convocar a Horacio Rodr\u00edguez Larreta como Jefe de Gabinete de Ministros de la Naci\u00f3n del pr\u00f3ximo gobierno. Liderazgo, capacidad de gesti\u00f3n, equipos, unidad de Juntos por el Cambio de cara a la elecci\u00f3n del 22! Acompa\u00f1amos con firmeza y convicci\u00f3n&#8221;.<\/p>\n\n\n\n<p>FUENTE: mendozapost.<\/p>\n","protected":false},"excerpt":{"rendered":"<p>En medio de la\u00a0campa\u00f1a electoral\u00a0que se aproxima a su recta final,\u00a0Patricia Bullrich, candidata presidencial de\u00a0Juntos por el Cambio, anunci\u00f3 que, en caso de resultar electa, designar\u00e1 a\u00a0Horacio Rodr\u00edguez Larreta\u00a0como jefe de Gabinete. Esta declaraci\u00f3n gener\u00f3 un amplio\u00a0impacto en el \u00e1mbito pol\u00edtico, recibiendo el\u00a0respaldo\u00a0de destacados referentes del espacio, entre ellos el\u00a0gobernador electo de Mendoza,\u00a0Alfredo Cornejo. A [&hellip;]<\/p>\n","protected":false},"author":2,"featured_media":2221,"comment_status":"open","ping_status":"open","sticky":true,"template":"","format":"standard","meta":[],"categories":[47],"tags":[],"_links":{"self":[{"href":"https:\/\/pasaenmendoza.com\/index.php?rest_route=\/wp\/v2\/posts\/2220"}],"collection":[{"href":"https:\/\/pasaenmendoza.com\/index.php?rest_route=\/wp\/v2\/posts"}],"about":[{"href":"https:\/\/pasaenmendoza.com\/index.php?rest_route=\/wp\/v2\/types\/post"}],"author":[{"embeddable":true,"href":"https:\/\/pasaenmendoza.com\/index.php?rest_route=\/wp\/v2\/users\/2"}],"replies":[{"embeddable":true,"href":"https:\/\/pasaenmendoza.com\/index.php?rest_route=%2Fwp%2Fv2%2Fcomments&post=2220"}],"version-history":[{"count":1,"href":"https:\/\/pasaenmendoza.com\/index.php?rest_route=\/wp\/v2\/posts\/2220\/revisions"}],"predecessor-version":[{"id":2222,"href":"https:\/\/pasaenmendoza.com\/index.php?rest_route=\/wp\/v2\/posts\/2220\/revisions\/2222"}],"wp:featuredmedia":[{"embeddable":true,"href":"https:\/\/pasaenmendoza.com\/index.php?rest_route=\/wp\/v2\/media\/2221"}],"wp:attachment":[{"href":"https:\/\/pasaenmendoza.com\/index.php?rest_route=%2Fwp%2Fv2%2Fmedia&parent=2220"}],"wp:term":[{"taxonomy":"category","embeddable":true,"href":"https:\/\/pasaenmendoza.com\/index.php?rest_route=%2Fwp%2Fv2%2Fcategories&post=2220"},{"taxonomy":"post_tag","embeddable":true,"href":"https:\/\/pasaenmendoza.com\/index.php?rest_route=%2Fwp%2Fv2%2Ftags&post=2220"}],"curies":[{"name":"wp","href":"https:\/\/api.w.org\/{rel}","templated":true}]}}