{"id":2223,"date":"2023-10-16T15:09:54","date_gmt":"2023-10-16T13:09:54","guid":{"rendered":"https:\/\/pasaenmendoza.com\/?p=2223"},"modified":"2023-10-16T15:09:55","modified_gmt":"2023-10-16T13:09:55","slug":"patricia-bullrich-vuelve-a-mendoza-y-encabezara-un-acto-a-cinco-dias-de-las-presidenciales","status":"publish","type":"post","link":"https:\/\/pasaenmendoza.com\/?p=2223","title":{"rendered":"Patricia Bullrich vuelve a Mendoza y encabezar\u00e1 un acto a cinco d\u00edas de las presidenciales"},"content":{"rendered":"\n<p>Se espera que est\u00e9 acompa\u00f1ada por Horacio Rodr\u00edguez Larreta y gobernadores. Este lunes, Luis Petri y Miguel \u00c1ngel Pichetto estar\u00e1n en Godoy Cruz.<\/p>\n\n\n\n<p>Con las elecciones a la vuelta de la esquina,&nbsp;<strong>Mendoza&nbsp;<\/strong>vuelve a tomar relieve pol\u00edtico y, tras la llegada de Sergio Massa el viernes a San Rafael,&nbsp;<strong>Patricia Bullrich&nbsp;<\/strong>encabezar\u00e1 un acto en el Parque O\u00b4Higgins este martes.<\/p>\n\n\n\n<p>La candidata de&nbsp;<strong>Juntos por el Cambio<\/strong>&nbsp;no llegar\u00e1 sola.&nbsp;<mark>Estar\u00e1 acompa\u00f1ada por su compa\u00f1ero de f\u00f3rmula&nbsp;<strong>Luis Petri<\/strong>, y por el jefe de Gobierno porte\u00f1o,&nbsp;<strong>Horacio Rodr\u00edguez Larreta<\/strong>, quien fue anunciado este fin de semana como su futuro jefe de Gabinete en caso de ganar los comicios presidenciales.<\/mark><\/p>\n\n\n\n<p>Adem\u00e1s, se espera la presencia de los gobernadores electos de San Luis y San Juan,&nbsp;<strong>Claudio Poggi<\/strong>&nbsp;y&nbsp;<strong>Marcelo Orrego<\/strong>, y por supuesto los cr\u00e9ditos locales:&nbsp;<strong>Alfredo Cornejo<\/strong>&nbsp;y&nbsp;<strong>Rodolfo Suarez<\/strong>.<\/p>\n\n\n\n<p><mark>Quien no est\u00e1 confirmado hasta el momento es&nbsp;<strong>Carlos Melconian<\/strong><\/mark>, quien estar\u00e1 a cargo del Ministerio de Econom\u00eda en un eventual gobierno de Bullrich.<\/p>\n\n\n\n<p>Desde el oficialismo mendocino remarcaron que&nbsp;<mark>se tratar\u00e1 de la presencia m\u00e1s importante de dirigentes del espacio en la provincia<\/mark>, a escasos cinco d\u00edas de las generales.<\/p>\n\n\n\n<p><em>\u201cEsperamos que haya una convocatoria importante. Vamos a demostrar la fuerza que tenemos como espacio y que seguramente se va a ver reflejada en las urnas el 22. Vamos a estar en el balotaje, y vamos a crecer mucho en Mendoza\u201d<\/em>, se\u00f1alaron.<\/p>\n\n\n\n<p>El acto de JxC en Mendoza se realizar\u00e1 en una fecha simb\u00f3lica para el peronismo, ya que ese martes celebrar\u00e1 el D\u00eda de la Lealtad.<\/p>\n\n\n\n<p><mark>El peronismo local ten\u00edan planeado realizar un cierre de campa\u00f1a para este d\u00eda,&nbsp;<\/mark>que<mark>&nbsp;decidieron pasar al 18, debido a la llegada de Bullrich. Pero tambi\u00e9n porque a nivel nacional Uni\u00f3n por la Patria realizar\u00e1 un importante acto, por lo que no quieren que pase desapercibido.<\/mark><\/p>\n\n\n\n<p>Por otra parte, otra figura nacional que estar\u00e1 en la provincia durante la semana ser\u00e1&nbsp;<strong>Miguel \u00c1ngel Pichetto<\/strong>, quien fuera candidato a vicepresidente de Mauricio Macri en el 2019 y es la para peronista dentro de JxC por el partido Encuentro Republicano Federal.<\/p>\n\n\n\n<p>Pichetto estar\u00e1 junto a Petri dando una charla sobre \u201c<em>La Defensa Nacional y las Fuerzas Armadas<\/em>\u201d este lunes a partir de las 19 en se llevar\u00e1 la Fundaci\u00f3n Mendocinos por el Futuro, que contar\u00e1 con la presencia confirmada de Cornejo.<\/p>\n\n\n\n<p>FUENTE: elsol.com.ar<\/p>\n","protected":false},"excerpt":{"rendered":"<p>Se espera que est\u00e9 acompa\u00f1ada por Horacio Rodr\u00edguez Larreta y gobernadores. Este lunes, Luis Petri y Miguel \u00c1ngel Pichetto estar\u00e1n en Godoy Cruz. Con las elecciones a la vuelta de la esquina,&nbsp;Mendoza&nbsp;vuelve a tomar relieve pol\u00edtico y, tras la llegada de Sergio Massa el viernes a San Rafael,&nbsp;Patricia Bullrich&nbsp;encabezar\u00e1 un acto en el Parque O\u00b4Higgins [&hellip;]<\/p>\n","protected":false},"author":2,"featured_media":2224,"comment_status":"open","ping_status":"open","sticky":true,"template":"","format":"standard","meta":[],"categories":[47],"tags":[],"_links":{"self":[{"href":"https:\/\/pasaenmendoza.com\/index.php?rest_route=\/wp\/v2\/posts\/2223"}],"collection":[{"href":"https:\/\/pasaenmendoza.com\/index.php?rest_route=\/wp\/v2\/posts"}],"about":[{"href":"https:\/\/pasaenmendoza.com\/index.php?rest_route=\/wp\/v2\/types\/post"}],"author":[{"embeddable":true,"href":"https:\/\/pasaenmendoza.com\/index.php?rest_route=\/wp\/v2\/users\/2"}],"replies":[{"embeddable":true,"href":"https:\/\/pasaenmendoza.com\/index.php?rest_route=%2Fwp%2Fv2%2Fcomments&post=2223"}],"version-history":[{"count":1,"href":"https:\/\/pasaenmendoza.com\/index.php?rest_route=\/wp\/v2\/posts\/2223\/revisions"}],"predecessor-version":[{"id":2225,"href":"https:\/\/pasaenmendoza.com\/index.php?rest_route=\/wp\/v2\/posts\/2223\/revisions\/2225"}],"wp:featuredmedia":[{"embeddable":true,"href":"https:\/\/pasaenmendoza.com\/index.php?rest_route=\/wp\/v2\/media\/2224"}],"wp:attachment":[{"href":"https:\/\/pasaenmendoza.com\/index.php?rest_route=%2Fwp%2Fv2%2Fmedia&parent=2223"}],"wp:term":[{"taxonomy":"category","embeddable":true,"href":"https:\/\/pasaenmendoza.com\/index.php?rest_route=%2Fwp%2Fv2%2Fcategories&post=2223"},{"taxonomy":"post_tag","embeddable":true,"href":"https:\/\/pasaenmendoza.com\/index.php?rest_route=%2Fwp%2Fv2%2Ftags&post=2223"}],"curies":[{"name":"wp","href":"https:\/\/api.w.org\/{rel}","templated":true}]}}