{"id":2226,"date":"2023-10-17T13:57:48","date_gmt":"2023-10-17T11:57:48","guid":{"rendered":"https:\/\/pasaenmendoza.com\/?p=2226"},"modified":"2023-10-17T13:57:49","modified_gmt":"2023-10-17T11:57:49","slug":"el-referente-del-area-de-defensa-del-equipo-de-bullrich-que-paso-por-mendoza","status":"publish","type":"post","link":"https:\/\/pasaenmendoza.com\/?p=2226","title":{"rendered":"El referente del \u00e1rea de Defensa del equipo de Bullrich que pas\u00f3 por Mendoza"},"content":{"rendered":"\n<p>Se trata del exsubsecretario de Gesti\u00f3n de Riesgo de Desastre del Ministerio de Seguridad Marcelo Rozas Garay, quien particip\u00f3 de una actividad organizada por Luis Petri<\/p>\n\n\n\n<p><strong>Marcelo Rozas Garay<\/strong>, quien se desempe\u00f1\u00f3 como\u00a0exsubsecretario de Gesti\u00f3n de Riesgo de Desastre del Ministerio de Seguridad de la Naci\u00f3n durante el gobierno de Mauricio Macri (entre 2015 y 2019), visit\u00f3 Mendoza este lunes para participar de la charla \u201cLa defensa nacional y las Fuerzas Armadas\u201d, la cual fue llevada a cabo en la Fundaci\u00f3n Mendocinos por el Futuro.\u00a0<strong>Rozas<\/strong>\u00a0<strong>Garay<\/strong>, que es coronel retirado, forma parte del equipo de la candidata presidencial de Juntos por el Cambio,\u00a0<strong>Patricia Bullrich<\/strong>, con quien ya trabaj\u00f3 durante su paso por la cartera de Seguridad.<\/p>\n\n\n\n<p>En di\u00e1logo con la prensa, el exfuncionario se refiri\u00f3 al panorama que enfrenta la Argentina en materia de Seguridad al aseverar que\u00a0&#8220;hay mucho para hacer&#8221;. &#8220;Espec\u00edficamente vengo con el mensaje y las propuestas que tenemos en torno a la defensa nacional y las Fuerzas Armadas, que tienen una actividad complementaria con la Seguridad. En este sentido,\u00a0<strong>Patricia Bullrich\u00a0<\/strong>ha sido clara sobre la necesidad de ir modificando las leyes que haya que modificar, emplear\u00eda a las Fuerzas Armadas en una funci\u00f3n complementaria de la Fuerza Federal. Es decir,\u00a0si los niveles de inseguridad se incrementan, no debemos descartar, previa modificaci\u00f3n de leyes, entrenamiento y\u00a0equipamiento adecuado. Pero vivimos una situaci\u00f3n no solamente de inseguridad, sino de indefensi\u00f3n en nuestro pa\u00eds&#8221;.<\/p>\n\n\n\n<p>Respecto a c\u00f3mo se encuentran las Fuerzas Armadas en comparaci\u00f3n de los pa\u00edses de la regi\u00f3n,\u00a0<strong>Rozas Garay\u00a0<\/strong>evalu\u00f3: &#8220;Dir\u00eda que la situaci\u00f3n no es muy buena. Hoy tenemos un presupuesto equivalente al 0,5% del Producto Bruto Interno. El promedio en Latinoam\u00e9rica es 1,5%. Nuestros vecinos, alguno de ellos tienen un 2% del Producto Bruto Interno (PBI). Hay una situaci\u00f3n de p\u00e9rdida de capacidades militares, grandes problemas con el equipamiento, falta de tecnolog\u00eda&#8230; As\u00ed que hay un trabajo por delante\u00a0bastante importante. Y reequipar a Fuerzas armadas es un proceso no de un a\u00f1o, sino que lleva\u00a0cuatro,\u00a0cinco, ocho o diez a\u00f1os. Hay una tarea importante por delante.\u00a0Creo que hay consenso en el diagn\u00f3stico en todas las fuerzas pol\u00edticas&#8221;.<\/p>\n\n\n\n<p>La f\u00f3rmula\u00a0<strong>Patricia Bullrich<\/strong>-Luis Petri tiene como eje de campa\u00f1a meterse de lleno en Rosario, Santa Fe, en lo que refiere\u00a0a la dura realidad delictiva vinculada al narcotr\u00e1fico. Incluso,\u00a0un mes atr\u00e1s Bullrich se\u00f1al\u00f3\u00a0que -de ser electa- va\u00a0a &#8220;desplegar 5.000 efectivos federales para controlar los movimientos de todas las bandas, una por una. Pondremos en marcha el Comit\u00e9 de Emergencia.<\/p>\n\n\n\n<p>Sobre las ideas planteadas por&nbsp;<strong>Bullrich&nbsp;<\/strong>en ese orden,&nbsp;<strong>Rozas Garay&nbsp;<\/strong>coment\u00f3: &#8220;Lo que plantea&nbsp;<strong>Patricia Bullrich&nbsp;<\/strong>es que, primero, hay una actividad con las fuerzas policiales de la provincia de Santa Fe y ella ya ha&nbsp;anunciado un refuerzo de fuerzas federales de Gendarmer\u00eda y&nbsp;lo que se est\u00e1 marcando hoy es un apoyo log\u00edstico de las Fuerzas Armadas, con lo que permite actualmente la ley. Es decir, que hay una secuencia y una gradualidad en la forma de actuar. Seguramente hay que actuar a trav\u00e9s de la obtenci\u00f3n de una labor de inteligencia previa, de inteligencia criminal. No se puede ir a ciegas a ver qu\u00e9 es lo que pasa. Es una tarea integral. No solamente es cuesti\u00f3n de mandar fuerzas, sino tambi\u00e9n es hacer un trabajo de inteligencia y con las autoridades locales. La soluci\u00f3n no viene desde arriba si no hay un trabajo con el intendente, con el gobernador y con la futura presidenta&#8221;.<\/p>\n\n\n\n<p>Por otro lado, fue consultado acerca de si Argentina est\u00e1 condicionada por las potencias del mundo para mejorar sus fuerzas armadas en&nbsp;defensa interior y exterior. A lo que respondi\u00f3: &#8220;No s\u00e9 si la palabra es condicionada&#8230;&nbsp;S\u00ed&nbsp;hemos tenido algunos problemas de equipamiento. Tambi\u00e9n hemos tenido una pol\u00edtica exterior bastante err\u00e1tica,&nbsp;de un lado y del otro. No echar\u00eda las culpas afuera, sino mirar\u00eda cu\u00e1l es la pol\u00edtica que hemos tenido. Nosotros estamos estrat\u00e9gicamente posicionados y&nbsp;de acuerdo a lo que han&nbsp;venido trabajando los equipos de pol\u00edtica exterior con las democracias occidentales. La Argentina ha sido activamente un aliado extra OTAN. No&nbsp;hemos perdido esa condici\u00f3n y tambi\u00e9n trabajamos en una integraci\u00f3n parcial con las fuerzas regionales. Eso no quita que un pa\u00eds como la Argentina pueda comerciar con cualquiera de las potencias, pero&nbsp;mirar\u00eda primero hacia adentro. Creo que primero tenemos que resolver el problema de d\u00f3nde nos vemos nosotros&#8221;.<\/p>\n\n\n\n<p>Por \u00faltimo, teniendo en cuenta que Juntos por el Cambio ya gobern\u00f3 entre 2015 y 2019 y no pudo lograr la reelecci\u00f3n, Rozas Garay admiti\u00f3 que &#8220;en algunas cuestiones nos hemos quedado a\u00a0mitad de camino. Ha habido una autocr\u00edtica y un an\u00e1lisis de lo realizado en todas las \u00e1reas. Desde el \u00e1rea de bienestar\u00a0hasta la dificultad de encarar un proceso de equipamiento. La pr\u00f3xima gesti\u00f3n no es la continuidad del anterior, sino con lecciones aprendidas y con autocr\u00edtica. Hay un n\u00facleo&#8221;.<\/p>\n\n\n\n<p>FUENTE: mdzonline.<\/p>\n","protected":false},"excerpt":{"rendered":"<p>Se trata del exsubsecretario de Gesti\u00f3n de Riesgo de Desastre del Ministerio de Seguridad Marcelo Rozas Garay, quien particip\u00f3 de una actividad organizada por Luis Petri Marcelo Rozas Garay, quien se desempe\u00f1\u00f3 como\u00a0exsubsecretario de Gesti\u00f3n de Riesgo de Desastre del Ministerio de Seguridad de la Naci\u00f3n durante el gobierno de Mauricio Macri (entre 2015 y [&hellip;]<\/p>\n","protected":false},"author":2,"featured_media":2227,"comment_status":"open","ping_status":"open","sticky":true,"template":"","format":"standard","meta":[],"categories":[47],"tags":[],"_links":{"self":[{"href":"https:\/\/pasaenmendoza.com\/index.php?rest_route=\/wp\/v2\/posts\/2226"}],"collection":[{"href":"https:\/\/pasaenmendoza.com\/index.php?rest_route=\/wp\/v2\/posts"}],"about":[{"href":"https:\/\/pasaenmendoza.com\/index.php?rest_route=\/wp\/v2\/types\/post"}],"author":[{"embeddable":true,"href":"https:\/\/pasaenmendoza.com\/index.php?rest_route=\/wp\/v2\/users\/2"}],"replies":[{"embeddable":true,"href":"https:\/\/pasaenmendoza.com\/index.php?rest_route=%2Fwp%2Fv2%2Fcomments&post=2226"}],"version-history":[{"count":1,"href":"https:\/\/pasaenmendoza.com\/index.php?rest_route=\/wp\/v2\/posts\/2226\/revisions"}],"predecessor-version":[{"id":2228,"href":"https:\/\/pasaenmendoza.com\/index.php?rest_route=\/wp\/v2\/posts\/2226\/revisions\/2228"}],"wp:featuredmedia":[{"embeddable":true,"href":"https:\/\/pasaenmendoza.com\/index.php?rest_route=\/wp\/v2\/media\/2227"}],"wp:attachment":[{"href":"https:\/\/pasaenmendoza.com\/index.php?rest_route=%2Fwp%2Fv2%2Fmedia&parent=2226"}],"wp:term":[{"taxonomy":"category","embeddable":true,"href":"https:\/\/pasaenmendoza.com\/index.php?rest_route=%2Fwp%2Fv2%2Fcategories&post=2226"},{"taxonomy":"post_tag","embeddable":true,"href":"https:\/\/pasaenmendoza.com\/index.php?rest_route=%2Fwp%2Fv2%2Ftags&post=2226"}],"curies":[{"name":"wp","href":"https:\/\/api.w.org\/{rel}","templated":true}]}}