{"id":2229,"date":"2023-10-17T14:05:24","date_gmt":"2023-10-17T12:05:24","guid":{"rendered":"https:\/\/pasaenmendoza.com\/?p=2229"},"modified":"2023-10-17T14:05:25","modified_gmt":"2023-10-17T12:05:25","slug":"los-cinco-desafios-de-rodolfo-suarez-antes-de-finalizar-su-gestion","status":"publish","type":"post","link":"https:\/\/pasaenmendoza.com\/?p=2229","title":{"rendered":"Los cinco desaf\u00edos de Rodolfo Suarez antes de finalizar su gesti\u00f3n"},"content":{"rendered":"\n<p>Los \u00faltimos 50 d\u00edas de mandato del gobernador estar\u00e1n marcados por decisiones de un peso pol\u00edtico m\u00e1s que importante.<\/p>\n\n\n\n<p>La gesti\u00f3n de&nbsp;<strong>Rodolfo Suarez&nbsp;<\/strong>finalizar\u00e1 el 10 de diciembre cuando le entregue el mando a&nbsp;<strong>Alfredo Cornejo<\/strong>. Pero antes, tiene que resolver cuestiones importantes de la agenda de la provincia, algunas de especial importancia.<\/p>\n\n\n\n<p>En los \u00faltimos 50 d\u00edas a cargo del Ejecutivo provincial, Suarez tendr\u00e1 que definir varias cuestiones como<mark>&nbsp;aumentos en las tarifas, acordar paritarias con el sector p\u00fablico y esperar la aprobaci\u00f3n en la Legislatura tanto del acuerdo por Potasio R\u00edo Colorado como la Ley de presupuesto.<\/mark>&nbsp;Adem\u00e1s, a finales de noviembre se resolver\u00e1<mark>&nbsp;qui\u00e9n ser\u00e1 el pr\u00f3ximo presidente de la Suprema Corte de Justicia.<\/mark><\/p>\n\n\n\n<h2 class=\"wp-block-heading\" id=\"h-paritarias\">Paritarias<\/h2>\n\n\n\n<p>Durante la \u00faltima revisi\u00f3n -ocurrida en julio pasado- se estipul\u00f3 que en octubre las partes se reunir\u00edan nuevamente para definir una nueva serie de incrementos. Vale recordar que se espera que los gremios pidan un porcentaje importante, teniendo en cuenta los datos de inflaci\u00f3n, que en agosto lleg\u00f3 a 12%, mientras que en septiembre alcanz\u00f3 el 16%.<\/p>\n\n\n\n<p>En julio,<mark>\u00a0los gremios acordaron un incremento del 10,5% en junio, 8% en julio, 14% en agosto, 8% en septiembre y 8% en octubre<\/mark>.<\/p>\n\n\n\n<p>En aquel entonces tambi\u00e9n se hab\u00eda estipulado que la mesa de revisi\u00f3n de octubre ocurrir\u00eda durante esta semana. \u201c<em>Seg\u00fan lo que firmamos en julio, la revisi\u00f3n era este lunes, pero es feriado. Hasta el momento no se nos ha convocado oficialmente, aunque nos dijeron que se nos comunicar\u00e1 el martes la fecha<\/em>\u201d indic\u00f3 Claudia Iturbe, titular de Ampros.<\/p>\n\n\n\n<p>En tanto, desde los gremios expresaron preocupaci\u00f3n porque consideran que la convocatoria llega tarde, porque es dif\u00edcil llegar a acuerdos antes de que finalice el mes.<\/p>\n\n\n\n<p><em>\u201cHay que ver la propuesta, tiene que bajar a las bases y ser aceptada por la mayor\u00eda. El tiempo corre y el Gobierno juega con eso. Adem\u00e1s, est\u00e1n especulando con el resultado de los comicios (nacionales)\u201d<\/em>, se\u00f1alaron.<\/p>\n\n\n\n<h2 class=\"wp-block-heading\">Tarifas<\/h2>\n\n\n\n<p>El valor de la&nbsp;<strong>tarifa<\/strong>&nbsp;de la&nbsp;<strong>luz<\/strong>&nbsp;y del&nbsp;<strong>transporte p\u00fablico<\/strong>&nbsp;ya superaron sus respectivas audiencias p\u00fablicas, por lo que el Gobierno tiene la pelota para definir cu\u00e1l es el incremento que se dar\u00e1.<\/p>\n\n\n\n<p>En el caso de la electricidad lo que se incrementa es el&nbsp;<strong>Valor Agregado de Distribuci\u00f3n&nbsp;<\/strong>(VAD), uno de los tres \u00edtems que componen el valor de la tarifa total.<\/p>\n\n\n\n<p>Los estudios del&nbsp;<strong>Ente Provincial Regulador El\u00e9ctrico<\/strong>&nbsp;(EPRE) realizado el pasado 28 de julio la factura promedio deber\u00eda aumentar:<\/p>\n\n\n\n<ul>\n<li>Aproximadamente&nbsp;<mark>1.600 pesos por mes para los 240.000 usuarios residenciales&nbsp;<\/mark>de la categor\u00eda T1-R1 (con un consumo de hasta 299 kilovatios-hora bimestrales).<\/li>\n\n\n\n<li>Para los&nbsp;<mark>175.000 usuarios<\/mark>&nbsp;que consumen entre 300 y 599 Kwh bimestrales (categor\u00eda T1-R2), el incremento sugerido va&nbsp;<mark>de 3.868 a 3.985 pesos<\/mark>, en promedio, por mes.<\/li>\n\n\n\n<li>Los&nbsp;<mark>140.000 usuarios<\/mark>&nbsp;que consumen m\u00e1s de 600 Kwh por bimestre (T1-R3), tendr\u00edan un incremento promedio en sus facturas que oscila&nbsp;<mark>entre 7.225 y 12.014 pesos<\/mark>&nbsp;por mes.<\/li>\n<\/ul>\n\n\n\n<p>Vale aclarar que si bien este estudio no es vinculante, es el que generalmente utiliza el Gobierno para acomodar los valores.<\/p>\n\n\n\n<p>En el caso del transporte p\u00fablico, la audiencia se realiz\u00f3 el pasado 14 de agosto. All\u00ed los empresarios del sector, tanto urbanos como de media y larga solicitaron que la actualizaci\u00f3n del costo de servicio del 143%. Por su parte, el informe que realiz\u00f3 el&nbsp;<strong>Ente de la Movilidad Provincial<\/strong>&nbsp;(EMOP) arroj\u00f3 que el incremento del costo por kil\u00f3metro recorrido fue del 139% interanual.<\/p>\n\n\n\n<p>A pesar de esto, ser\u00e1 Suarez quien defina porcentajes y tramos -si es que los hay- del futuro aumento.<\/p>\n\n\n\n<h2 class=\"wp-block-heading\">Presupuesto 2024 y Potasio R\u00edo Colorado<\/h2>\n\n\n\n<p>Si bien aqu\u00ed Suarez no tiene poder para intervenir, s\u00ed es cierto que la aprobaci\u00f3n de&nbsp;<mark>estos dos proyectos ser\u00e1n una manera positiva de terminar su mandato<\/mark>, dej\u00e1ndole el camino allanado en cuestiones clave a&nbsp;<strong>Alfredo Cornejo<\/strong>.<\/p>\n\n\n\n<p>El Presupuesto fue presentado la primera semana de octubre en la\u00a0<strong>Legislatura<\/strong>\u00a0y en este momento se encuentra siendo analizado en comisiones. El oficialismo al contar con mayor\u00eda en ambas c\u00e1maras\u00a0<mark>se encamina a aprobarlo sin sobresaltos<\/mark>.<\/p>\n\n\n\n<p>La Ley de Leyes calcula recursos por m\u00e1s de 1,8 billones de pesos para el 2024, con un super\u00e1vit operativo de 5 mil millones de pesos. Entre las principales novedades se destacan&nbsp;<mark>una baja en Ingresos Brutos y Sellos para algunos sectores<\/mark>&nbsp;y la inclusi\u00f3n de obras como la presa El Baqueano, el parque Industrial Pata Mora y la continuaci\u00f3n de la extensi\u00f3n del Metrotranv\u00eda.<\/p>\n\n\n\n<p>Por otra parte, otro proyecto que se debe aprobar en la Legislatura es\u00a0<mark>el traspaso del 88% de las acciones de Potasio R\u00edo Colorado a la Minera Aguilar<\/mark>\u00a0-propiedad de Jos\u00e9 Luis Manzano- a cambio de una inversi\u00f3n superior a los 1.000 millones de d\u00f3lares. La provincia conservar\u00e1 el 4,5% de las regal\u00edas y el 12% de los activos.<\/p>\n\n\n\n<p><em>\u201cYa se realiz\u00f3 la primera reuni\u00f3n donde se despejaron todas las dudas de los legisladores, d\u00f3nde quedaron muy conformes con las respuestas que dimos. Durante esta semana habr\u00e1 una nueva reuni\u00f3n de trabajo y de no mediar inconvenientes se enviar\u00e1 la \u00faltima semana de octubre para su tratamiento<\/em>\u201c, explic\u00f3 d\u00edas atr\u00e1s Emilio Gui\u00f1az\u00fa, presidente de Potasio R\u00edo Colorado (PRC).<\/p>\n\n\n\n<p><mark>Este proyecto es clave para el desarrollo de la miner\u00eda en el Sur<\/mark>&nbsp;provincial, pero qued\u00f3 envuelto en una serie de&nbsp;<strong>pol\u00e9micas<\/strong>: el acuerdo de confidencialidad entre las partes -que el Ejecutivo ya destrab\u00f3- y la vinculaci\u00f3n entre el estudio de abogados que elabor\u00f3 el contrato y la compa\u00f1\u00eda minera.<\/p>\n\n\n\n<p>A pesar de esto, se espera que la Casa de las Leyes le d\u00e9 el visto bueno a la propuesta.<\/p>\n\n\n\n<h2 class=\"wp-block-heading\">Cambios en la Corte<\/h2>\n\n\n\n<p>En noviembre se vence el mandato de&nbsp;<strong>Dalmiro Garay&nbsp;<\/strong>a cargo de la&nbsp;<strong>Suprema Corte de Justicia<\/strong>. Si bien es una elecci\u00f3n -ser\u00e1 el 25 del mes pr\u00f3ximo- en la que s\u00f3lo los jueces del m\u00e1ximo tribunal participan es de crucial importancia para el oficialismo, y m\u00e1s puntualmente para la futura gesti\u00f3n de Cornejo.<\/p>\n\n\n\n<p>Desde el Ejecutivo no ven con malos ojos que Garay vaya por su reelecci\u00f3n -el juez a\u00fan no se ha manifestado al respecto- pero esta vez su elecci\u00f3n ser\u00e1 m\u00e1s compleja, debido a que ser\u00e1 la primera elecci\u00f3n con el nuevo formato en el que funciona el m\u00e1ximo tribunal.<\/p>\n\n\n\n<p><em>\u201cLa Presidencia de la Suprema Corte de Justicia ser\u00e1 ejercida por una\/un Ministro\/a, elegida\/o en una misma jornada, por dos tercios de los\/as integrantes del Tribunal. Si luego de dos rondas de votaci\u00f3n no se llegara a un acuerdo, en tercera ronda de votaci\u00f3n podr\u00e1 ser elegida\/o por simple mayor\u00eda de votos computada sobre la totalidad de sus miembros\u201d<\/em>\u00a0indica la Ley.<\/p>\n\n\n\n<p>FUENTE: elsol.com.ar <\/p>\n","protected":false},"excerpt":{"rendered":"<p>Los \u00faltimos 50 d\u00edas de mandato del gobernador estar\u00e1n marcados por decisiones de un peso pol\u00edtico m\u00e1s que importante. La gesti\u00f3n de&nbsp;Rodolfo Suarez&nbsp;finalizar\u00e1 el 10 de diciembre cuando le entregue el mando a&nbsp;Alfredo Cornejo. Pero antes, tiene que resolver cuestiones importantes de la agenda de la provincia, algunas de especial importancia. En los \u00faltimos 50 [&hellip;]<\/p>\n","protected":false},"author":2,"featured_media":2230,"comment_status":"open","ping_status":"open","sticky":true,"template":"","format":"standard","meta":[],"categories":[47],"tags":[],"_links":{"self":[{"href":"https:\/\/pasaenmendoza.com\/index.php?rest_route=\/wp\/v2\/posts\/2229"}],"collection":[{"href":"https:\/\/pasaenmendoza.com\/index.php?rest_route=\/wp\/v2\/posts"}],"about":[{"href":"https:\/\/pasaenmendoza.com\/index.php?rest_route=\/wp\/v2\/types\/post"}],"author":[{"embeddable":true,"href":"https:\/\/pasaenmendoza.com\/index.php?rest_route=\/wp\/v2\/users\/2"}],"replies":[{"embeddable":true,"href":"https:\/\/pasaenmendoza.com\/index.php?rest_route=%2Fwp%2Fv2%2Fcomments&post=2229"}],"version-history":[{"count":1,"href":"https:\/\/pasaenmendoza.com\/index.php?rest_route=\/wp\/v2\/posts\/2229\/revisions"}],"predecessor-version":[{"id":2231,"href":"https:\/\/pasaenmendoza.com\/index.php?rest_route=\/wp\/v2\/posts\/2229\/revisions\/2231"}],"wp:featuredmedia":[{"embeddable":true,"href":"https:\/\/pasaenmendoza.com\/index.php?rest_route=\/wp\/v2\/media\/2230"}],"wp:attachment":[{"href":"https:\/\/pasaenmendoza.com\/index.php?rest_route=%2Fwp%2Fv2%2Fmedia&parent=2229"}],"wp:term":[{"taxonomy":"category","embeddable":true,"href":"https:\/\/pasaenmendoza.com\/index.php?rest_route=%2Fwp%2Fv2%2Fcategories&post=2229"},{"taxonomy":"post_tag","embeddable":true,"href":"https:\/\/pasaenmendoza.com\/index.php?rest_route=%2Fwp%2Fv2%2Ftags&post=2229"}],"curies":[{"name":"wp","href":"https:\/\/api.w.org\/{rel}","templated":true}]}}