{"id":2232,"date":"2023-10-17T14:17:20","date_gmt":"2023-10-17T12:17:20","guid":{"rendered":"https:\/\/pasaenmendoza.com\/?p=2232"},"modified":"2023-10-17T14:17:21","modified_gmt":"2023-10-17T12:17:21","slug":"via-bullrich-petri-los-demarchistas-que-volvieron-a-cambia-mendoza","status":"publish","type":"post","link":"https:\/\/pasaenmendoza.com\/?p=2232","title":{"rendered":"V\u00eda Bullrich &#8211; Petri, los demarchistas que volvieron a Cambia Mendoza"},"content":{"rendered":"\n<h2 class=\"wp-block-heading\">Algunos dirigentes  que se fueron con De Marchi y Orozco, reaparecieron en un acto en el que habl\u00f3 Alfredo Cornejo y que organiz\u00f3 Luis Petri.<\/h2>\n\n\n\n<p>Las desavenencias que llevaron a separarse en las \u00faltimas elecciones por la gobernaci\u00f3n de Mendoza entre\u00a0<strong>Gustavo Cairo<\/strong>, que se fue con Omar De Marchi a La Uni\u00f3n Mendocina y consigui\u00f3 all\u00ed una nueva banca legislativa, entraron en un par\u00e9ntesis a ra\u00edz de su apoyo a la f\u00f3rmula presidencial que integran\u00a0<strong>Patricia Bullrich y Luis Petri<\/strong>.<\/p>\n\n\n\n<p>Este lunes, Cairo blanque\u00f3 su &#8220;retorno&#8221; al participar de la conferencia que ofreci\u00f3 sobre &#8220;Un nuevo sistema de Defensa&#8221; el&nbsp;<strong>Coronel (R) Marcelo Rozas Garay<\/strong>, de los equipos de la candidata presidencial que este martes cerrar\u00e1 su campa\u00f1a con un acto en el Parque O&#8217;Higgins de Mendoza.<\/p>\n\n\n\n<p>All\u00ed se mostr\u00f3 junto al diputado puntano Charly Pereira y a su primo, el tres veces campe\u00f3n del mundo de hockey sobre patines\u00a0<strong>Pablo Cairo<\/strong>, que fuera diputado de la mano del Partido Intransigente en tiempos en que usaba esa &#8220;marca&#8221; Jos\u00e9 Luis Ram\u00f3n.<\/p>\n\n\n\n<p>Juntos, los dos Cairo tuvieron este lunes una charla en privado con Petri en la sede de la\u00a0<strong>Fundaci\u00f3n Mendocinos por el Futuro,<\/strong>\u00a0en calle Mart\u00ednez de Rozas en la capital mendocina.<\/p>\n\n\n\n<p>Del acto particip\u00f3 el gobernador electo,&nbsp;<strong>Alfredo Cornejo<\/strong>, junto a su vicegobernadora,&nbsp;<strong>Hebe Casado<\/strong>&nbsp;y los candidatos al Congreso&nbsp;<strong>Lisandro Nieri y Patricia Gim\u00e9nez.<\/strong><\/p>\n\n\n\n<p>En tanto, la oportunidad tambi\u00e9n fue propicia para que los pichetistas de Las Heras, con\u00a0<strong>Eduardo Robledo<\/strong>\u00a0a la cabeza, hiciera lo propio. Hombre de un equipo que decidi\u00f3 quedarse junto a Daniel Orozco cuando hab\u00eda que tomar decisiones, se present\u00f3 tambi\u00e9n en la conferencia sobre Defensa que ofreci\u00f3 Rozas Garay. Iba a participar\u00a0<strong>Miguel \u00c1ngel Pichetto<\/strong>, pero finalmente cancel\u00f3 su visita. Aun sabi\u00e9ndolo, sus militantes concurrieron igual a la convocatoria.<\/p>\n\n\n\n<p>FUENTE: memo.com.ar<\/p>\n","protected":false},"excerpt":{"rendered":"<p>Algunos dirigentes que se fueron con De Marchi y Orozco, reaparecieron en un acto en el que habl\u00f3 Alfredo Cornejo y que organiz\u00f3 Luis Petri. Las desavenencias que llevaron a separarse en las \u00faltimas elecciones por la gobernaci\u00f3n de Mendoza entre\u00a0Gustavo Cairo, que se fue con Omar De Marchi a La Uni\u00f3n Mendocina y consigui\u00f3 [&hellip;]<\/p>\n","protected":false},"author":2,"featured_media":2233,"comment_status":"open","ping_status":"open","sticky":true,"template":"","format":"standard","meta":[],"categories":[47],"tags":[],"_links":{"self":[{"href":"https:\/\/pasaenmendoza.com\/index.php?rest_route=\/wp\/v2\/posts\/2232"}],"collection":[{"href":"https:\/\/pasaenmendoza.com\/index.php?rest_route=\/wp\/v2\/posts"}],"about":[{"href":"https:\/\/pasaenmendoza.com\/index.php?rest_route=\/wp\/v2\/types\/post"}],"author":[{"embeddable":true,"href":"https:\/\/pasaenmendoza.com\/index.php?rest_route=\/wp\/v2\/users\/2"}],"replies":[{"embeddable":true,"href":"https:\/\/pasaenmendoza.com\/index.php?rest_route=%2Fwp%2Fv2%2Fcomments&post=2232"}],"version-history":[{"count":1,"href":"https:\/\/pasaenmendoza.com\/index.php?rest_route=\/wp\/v2\/posts\/2232\/revisions"}],"predecessor-version":[{"id":2234,"href":"https:\/\/pasaenmendoza.com\/index.php?rest_route=\/wp\/v2\/posts\/2232\/revisions\/2234"}],"wp:featuredmedia":[{"embeddable":true,"href":"https:\/\/pasaenmendoza.com\/index.php?rest_route=\/wp\/v2\/media\/2233"}],"wp:attachment":[{"href":"https:\/\/pasaenmendoza.com\/index.php?rest_route=%2Fwp%2Fv2%2Fmedia&parent=2232"}],"wp:term":[{"taxonomy":"category","embeddable":true,"href":"https:\/\/pasaenmendoza.com\/index.php?rest_route=%2Fwp%2Fv2%2Fcategories&post=2232"},{"taxonomy":"post_tag","embeddable":true,"href":"https:\/\/pasaenmendoza.com\/index.php?rest_route=%2Fwp%2Fv2%2Ftags&post=2232"}],"curies":[{"name":"wp","href":"https:\/\/api.w.org\/{rel}","templated":true}]}}