{"id":2235,"date":"2023-10-17T14:22:16","date_gmt":"2023-10-17T12:22:16","guid":{"rendered":"https:\/\/pasaenmendoza.com\/?p=2235"},"modified":"2023-10-17T14:24:00","modified_gmt":"2023-10-17T12:24:00","slug":"cornejo-no-es-lo-mismo-gobernar-solo-que-hacerlo-junto-con-bullrich-y-petri","status":"publish","type":"post","link":"https:\/\/pasaenmendoza.com\/?p=2235","title":{"rendered":"Cornejo: &#8220;No es lo mismo gobernar solo, que hacerlo junto con Bullrich y Petri&#8221;"},"content":{"rendered":"\n<p>El gobernador electo inst\u00f3 a un importante grupo de dirigentes de Juntos por el Cambio y Cambia Mendoza a &#8220;meter a Patricia y Luis en el balotaje&#8221;.<\/p>\n\n\n\n<p>El gobernador electo de Mendoza,&nbsp;<strong>Alfredo Cornejo<\/strong>, plante\u00f3 a dirigentes y militantes una situaci\u00f3n en perspectiva, a pocos d\u00edas de que se defina la elecci\u00f3n presidencial.&nbsp;<strong>&#8220;No ser\u00eda lo mismo gobernar solo Mendoza que hacerlo junto a Patricia Bullrich y Petri como presidenta y vice de la rep\u00fablica&#8221;<\/strong>, advirti\u00f3.<\/p>\n\n\n\n<p>Lo hizo al dar un mensaje en el acto del referente de los equipos t\u00e9cnicos de Defensa de Juntos por el Cambio, el Coronel (R) Marcelo Rozas Garay, en la fundaci\u00f3n Mendocinos por el Futuro junto a Luis Petri, Patricia Gim\u00e9nez, Lisandro Nieri y su vicegobernadora electa, Hebe Casado, entre otros participantes.<\/p>\n\n\n\n<p>Cornejo&nbsp;<strong>ponder\u00f3 las capacidades de gesti\u00f3n de Bullrich<\/strong>&nbsp;sobre quien record\u00f3 que se trata de una persona con la que desde hace a\u00f1os trabaja junto.<\/p>\n\n\n\n<p><strong>El planteo que hizo fue en torno a lo que podr\u00eda ser su pr\u00f3ximo gobierno en una Mendoza que se vea distanciada de un gobierno de diferente signo pol\u00edtico, una vez m\u00e1s<\/strong>. En contraposici\u00f3n, alent\u00f3 a imaginar una gesti\u00f3n con Bullrich en la Casa Rosad y Petri en el Senado de la Naci\u00f3n.<\/p>\n\n\n\n<p>FUENTE: memo.com.ar<\/p>\n\n\n\n<p><\/p>\n","protected":false},"excerpt":{"rendered":"<p>El gobernador electo inst\u00f3 a un importante grupo de dirigentes de Juntos por el Cambio y Cambia Mendoza a &#8220;meter a Patricia y Luis en el balotaje&#8221;. El gobernador electo de Mendoza,&nbsp;Alfredo Cornejo, plante\u00f3 a dirigentes y militantes una situaci\u00f3n en perspectiva, a pocos d\u00edas de que se defina la elecci\u00f3n presidencial.&nbsp;&#8220;No ser\u00eda lo mismo [&hellip;]<\/p>\n","protected":false},"author":2,"featured_media":2240,"comment_status":"open","ping_status":"open","sticky":true,"template":"","format":"standard","meta":[],"categories":[1,47],"tags":[],"_links":{"self":[{"href":"https:\/\/pasaenmendoza.com\/index.php?rest_route=\/wp\/v2\/posts\/2235"}],"collection":[{"href":"https:\/\/pasaenmendoza.com\/index.php?rest_route=\/wp\/v2\/posts"}],"about":[{"href":"https:\/\/pasaenmendoza.com\/index.php?rest_route=\/wp\/v2\/types\/post"}],"author":[{"embeddable":true,"href":"https:\/\/pasaenmendoza.com\/index.php?rest_route=\/wp\/v2\/users\/2"}],"replies":[{"embeddable":true,"href":"https:\/\/pasaenmendoza.com\/index.php?rest_route=%2Fwp%2Fv2%2Fcomments&post=2235"}],"version-history":[{"count":2,"href":"https:\/\/pasaenmendoza.com\/index.php?rest_route=\/wp\/v2\/posts\/2235\/revisions"}],"predecessor-version":[{"id":2241,"href":"https:\/\/pasaenmendoza.com\/index.php?rest_route=\/wp\/v2\/posts\/2235\/revisions\/2241"}],"wp:featuredmedia":[{"embeddable":true,"href":"https:\/\/pasaenmendoza.com\/index.php?rest_route=\/wp\/v2\/media\/2240"}],"wp:attachment":[{"href":"https:\/\/pasaenmendoza.com\/index.php?rest_route=%2Fwp%2Fv2%2Fmedia&parent=2235"}],"wp:term":[{"taxonomy":"category","embeddable":true,"href":"https:\/\/pasaenmendoza.com\/index.php?rest_route=%2Fwp%2Fv2%2Fcategories&post=2235"},{"taxonomy":"post_tag","embeddable":true,"href":"https:\/\/pasaenmendoza.com\/index.php?rest_route=%2Fwp%2Fv2%2Ftags&post=2235"}],"curies":[{"name":"wp","href":"https:\/\/api.w.org\/{rel}","templated":true}]}}