{"id":2242,"date":"2023-10-17T14:31:26","date_gmt":"2023-10-17T12:31:26","guid":{"rendered":"https:\/\/pasaenmendoza.com\/?p=2242"},"modified":"2023-10-17T14:31:27","modified_gmt":"2023-10-17T12:31:27","slug":"la-hija-del-intendente-de-tunuyan-volco-en-su-auto","status":"publish","type":"post","link":"https:\/\/pasaenmendoza.com\/?p=2242","title":{"rendered":"La hija del intendente de Tunuy\u00e1n volc\u00f3 en su auto"},"content":{"rendered":"\n<p>Delfina Aveiro (21), la hija del intendente de\u00a0<strong>Tunuy\u00e1n<\/strong>, sufri\u00f3 este domingo un accidente vial cuando iba por la Ruta 40 hacia la\u00a0Ciudad de Mendoza. Seg\u00fan informaron fuentes policiales, un auto encerr\u00f3 a su veh\u00edculo y la oblig\u00f3 a realizar una maniobra que lo hizo volcar. La joven viajaba en compa\u00f1\u00eda de dos amigas.<\/p>\n\n\n\n<p>El\u00a0<strong>accidente de tr\u00e1nsito<\/strong>\u00a0ocurri\u00f3 a la altura de Anchoris. Cuando un auto cambi\u00f3 bruscamente de carril, la hija de\u00a0<strong>Mart\u00edn Aveiro<\/strong>\u00a0logr\u00f3 esquivarlo, pero la maniobra brusca hizo que su auto volcara.\u00a0<\/p>\n\n\n\n<p>El auto estaba regresando a la Ciudad de Mendoza cuando se produjo el vuelco. Por fortuna, las tres ocupantes resultaron ilesas.\u00a0<\/p>\n\n\n\n<p><strong>Fuente: www.mendozapost.com<\/strong><\/p>\n","protected":false},"excerpt":{"rendered":"<p>Delfina Aveiro (21), la hija del intendente de\u00a0Tunuy\u00e1n, sufri\u00f3 este domingo un accidente vial cuando iba por la Ruta 40 hacia la\u00a0Ciudad de Mendoza. Seg\u00fan informaron fuentes policiales, un auto encerr\u00f3 a su veh\u00edculo y la oblig\u00f3 a realizar una maniobra que lo hizo volcar. La joven viajaba en compa\u00f1\u00eda de dos amigas. El\u00a0accidente de [&hellip;]<\/p>\n","protected":false},"author":2,"featured_media":2243,"comment_status":"open","ping_status":"open","sticky":false,"template":"","format":"standard","meta":[],"categories":[48],"tags":[],"_links":{"self":[{"href":"https:\/\/pasaenmendoza.com\/index.php?rest_route=\/wp\/v2\/posts\/2242"}],"collection":[{"href":"https:\/\/pasaenmendoza.com\/index.php?rest_route=\/wp\/v2\/posts"}],"about":[{"href":"https:\/\/pasaenmendoza.com\/index.php?rest_route=\/wp\/v2\/types\/post"}],"author":[{"embeddable":true,"href":"https:\/\/pasaenmendoza.com\/index.php?rest_route=\/wp\/v2\/users\/2"}],"replies":[{"embeddable":true,"href":"https:\/\/pasaenmendoza.com\/index.php?rest_route=%2Fwp%2Fv2%2Fcomments&post=2242"}],"version-history":[{"count":1,"href":"https:\/\/pasaenmendoza.com\/index.php?rest_route=\/wp\/v2\/posts\/2242\/revisions"}],"predecessor-version":[{"id":2244,"href":"https:\/\/pasaenmendoza.com\/index.php?rest_route=\/wp\/v2\/posts\/2242\/revisions\/2244"}],"wp:featuredmedia":[{"embeddable":true,"href":"https:\/\/pasaenmendoza.com\/index.php?rest_route=\/wp\/v2\/media\/2243"}],"wp:attachment":[{"href":"https:\/\/pasaenmendoza.com\/index.php?rest_route=%2Fwp%2Fv2%2Fmedia&parent=2242"}],"wp:term":[{"taxonomy":"category","embeddable":true,"href":"https:\/\/pasaenmendoza.com\/index.php?rest_route=%2Fwp%2Fv2%2Fcategories&post=2242"},{"taxonomy":"post_tag","embeddable":true,"href":"https:\/\/pasaenmendoza.com\/index.php?rest_route=%2Fwp%2Fv2%2Ftags&post=2242"}],"curies":[{"name":"wp","href":"https:\/\/api.w.org\/{rel}","templated":true}]}}