{"id":2245,"date":"2023-10-17T14:40:33","date_gmt":"2023-10-17T12:40:33","guid":{"rendered":"https:\/\/pasaenmendoza.com\/?p=2245"},"modified":"2023-10-17T14:40:34","modified_gmt":"2023-10-17T12:40:34","slug":"se-asomo-por-la-ventana-para-ver-quien-golpeaba-la-puerta-y-lo-apunalaron-en-el-pecho","status":"publish","type":"post","link":"https:\/\/pasaenmendoza.com\/?p=2245","title":{"rendered":"Se asom\u00f3 por la ventana para ver qui\u00e9n golpeaba la puerta y lo apu\u00f1alaron en el pecho"},"content":{"rendered":"\n<p>Un hombre se encontraba en su casa del barrio\u00a0<strong>Las Palmeras<\/strong>\u00a0de<strong>\u00a0Luj\u00e1n de Cuyo<\/strong>\u00a0con prisi\u00f3n domiciliaria fue apu\u00f1alado la madrugada de este lunes y tuvo que ser trasladado al Hospital Central con un perforaci\u00f3n en el pulm\u00f3n. La v\u00edctima sali\u00f3 a responder cuando un sujeto golpe\u00f3 a la puerta y la atac\u00f3. El agresor escap\u00f3 y no fue detenido.<\/p>\n\n\n\n<p>Seg\u00fan la informaci\u00f3n aportada por los testigos del hecho, minutos despu\u00e9s de la medianoche, la v\u00edctima, de\u00a0<strong>31 a\u00f1os<\/strong>, se encontraba junto a su pareja en su morada cuando se produjo el ataque.<\/p>\n\n\n\n<p>De un momento a otro,<mark>\u00a0un individuo llam\u00f3 a la puerta<\/mark>\u00a0y el hombre ante la duda de no saber de qui\u00e9n se podr\u00eda tratar, decidi\u00f3 acercarse a una de las ventanas con vista al frente del hogar.<\/p>\n\n\n\n<p><mark>Al momento de abrirla y asomarse fue abordado por un sujeto, el cual portaba un arma blanca y lo acuchill\u00f3 en su pecho<\/mark>&nbsp;por motivos que se investigan.<\/p>\n\n\n\n<p>El sujeto y el herido fue asistido minutos despu\u00e9s por m\u00e9dicos del&nbsp;<strong>Servicio de Emergencia Coordinado<\/strong>&nbsp;(SEC), quienes diagnosticaron una herida en el t\u00f3rax y lo trasladaron al nosocomio de calle Alem de Ciudad.&nbsp;<\/p>\n\n\n\n<p>All\u00ed, fue asistido por personal de guardia y lo intervinieron quir\u00fargicamente. Luego\u00a0<mark>se le realiz\u00f3 una tomograf\u00eda y constataron que ten\u00eda una perforaci\u00f3n en el pulm\u00f3n<\/mark>, por lo que permaneci\u00f3 internado.<\/p>\n\n\n\n<p><strong>Fuente: www.elsol.com.ar<\/strong><\/p>\n","protected":false},"excerpt":{"rendered":"<p>Un hombre se encontraba en su casa del barrio\u00a0Las Palmeras\u00a0de\u00a0Luj\u00e1n de Cuyo\u00a0con prisi\u00f3n domiciliaria fue apu\u00f1alado la madrugada de este lunes y tuvo que ser trasladado al Hospital Central con un perforaci\u00f3n en el pulm\u00f3n. La v\u00edctima sali\u00f3 a responder cuando un sujeto golpe\u00f3 a la puerta y la atac\u00f3. El agresor escap\u00f3 y no [&hellip;]<\/p>\n","protected":false},"author":2,"featured_media":2246,"comment_status":"open","ping_status":"open","sticky":false,"template":"","format":"standard","meta":[],"categories":[48],"tags":[],"_links":{"self":[{"href":"https:\/\/pasaenmendoza.com\/index.php?rest_route=\/wp\/v2\/posts\/2245"}],"collection":[{"href":"https:\/\/pasaenmendoza.com\/index.php?rest_route=\/wp\/v2\/posts"}],"about":[{"href":"https:\/\/pasaenmendoza.com\/index.php?rest_route=\/wp\/v2\/types\/post"}],"author":[{"embeddable":true,"href":"https:\/\/pasaenmendoza.com\/index.php?rest_route=\/wp\/v2\/users\/2"}],"replies":[{"embeddable":true,"href":"https:\/\/pasaenmendoza.com\/index.php?rest_route=%2Fwp%2Fv2%2Fcomments&post=2245"}],"version-history":[{"count":1,"href":"https:\/\/pasaenmendoza.com\/index.php?rest_route=\/wp\/v2\/posts\/2245\/revisions"}],"predecessor-version":[{"id":2247,"href":"https:\/\/pasaenmendoza.com\/index.php?rest_route=\/wp\/v2\/posts\/2245\/revisions\/2247"}],"wp:featuredmedia":[{"embeddable":true,"href":"https:\/\/pasaenmendoza.com\/index.php?rest_route=\/wp\/v2\/media\/2246"}],"wp:attachment":[{"href":"https:\/\/pasaenmendoza.com\/index.php?rest_route=%2Fwp%2Fv2%2Fmedia&parent=2245"}],"wp:term":[{"taxonomy":"category","embeddable":true,"href":"https:\/\/pasaenmendoza.com\/index.php?rest_route=%2Fwp%2Fv2%2Fcategories&post=2245"},{"taxonomy":"post_tag","embeddable":true,"href":"https:\/\/pasaenmendoza.com\/index.php?rest_route=%2Fwp%2Fv2%2Ftags&post=2245"}],"curies":[{"name":"wp","href":"https:\/\/api.w.org\/{rel}","templated":true}]}}