{"id":2252,"date":"2023-10-17T15:30:43","date_gmt":"2023-10-17T13:30:43","guid":{"rendered":"https:\/\/pasaenmendoza.com\/?p=2252"},"modified":"2023-10-17T15:30:44","modified_gmt":"2023-10-17T13:30:44","slug":"el-fiscal-flavio-damore-imputo-a-3-sindicos-de-la-firma-fecovita-por-balances-falsos","status":"publish","type":"post","link":"https:\/\/pasaenmendoza.com\/?p=2252","title":{"rendered":"El fiscal Flavio D&#8217;Amore imput\u00f3 a 3 s\u00edndicos de la firma Fecovita por balances falsos"},"content":{"rendered":"\n<p>Tres s\u00edndicos de\u00a0<strong>Fecovita<\/strong>\u00a0fueron imputados por la Fiscal\u00eda de Delitos Econ\u00f3micos y\u00a0<strong>se abstuvieron de declarar<\/strong>\u00a0en el caso de los presuntos<strong>\u00a0balances falsos<\/strong>.<\/p>\n\n\n\n<p>La decisi\u00f3n del&nbsp;<strong>fiscal Flavio D\u00b4Amore<\/strong>&nbsp;recay\u00f3 sobre&nbsp;<strong>Hilda Vaiaretti, Eugenio Portera y Roberto V\u00e1zquez<\/strong>, quienes fueron notificados en el Polo Judicial en compa\u00f1\u00eda de sus abogados defensores.<\/p>\n\n\n\n<p>Se les atribuy\u00f3 el&nbsp;<strong>delito&nbsp;<\/strong>de autorizaci\u00f3n, certificaci\u00f3n y publicaci\u00f3n de balances falsos.<\/p>\n\n\n\n<p>Id\u00e9ntica suerte podr\u00edan correr desde este martes&nbsp;<strong>los directivos Rub\u00e9n Panella, presidente de Fecovita; Marcelo Federici, secretario de la instituci\u00f3n, y el ex presidente Eduardo Sancho y el ex tesorero Jorge Ira\u00f1eta.<\/strong><\/p>\n\n\n\n<p>La<strong>\u00a0investigaci\u00f3n judicial\u00a0<\/strong>por los balances de Fecovita comenz\u00f3 a partir de la\u00a0<strong>denuncia<\/strong>\u00a0realizada en la Unidad Fiscal de Delitos Econ\u00f3micos por la empresa espa\u00f1ola -con sede en Eslovaquia-\u00a0<strong>Iberte<\/strong>, semanas antes denunciada en los Tribunales porte\u00f1os por\u00a0<strong>Fecovita<\/strong>.<\/p>\n\n\n\n<h2 class=\"wp-block-heading\">Los balances de Fecovita, en el ojo de la tormenta<\/h2>\n\n\n\n<p>La investigaci\u00f3n contra directivos y s\u00edndicos de la empresa&nbsp;<strong>Fecovita&nbsp;<\/strong>tiene que ver con la presentaci\u00f3n de las Memorias y Balances Generales N\u00b0 42 y 43 correspondientes a los ejercicios econ\u00f3micos que van&nbsp;<strong>desde el 1 de enero de 2021 al 31 de diciembre del 2021 y desde el 1 de enero del 2022 al 31 de diciembre del 2022<\/strong>.<\/p>\n\n\n\n<p>Dijeron los denunciantes en el&nbsp;<strong>expediente judicial:<\/strong><\/p>\n\n\n\n<p>&#8220;Las circunstancias antes mencionadas tambi\u00e9n fueron posibles mediante la intervenci\u00f3n de la Comisi\u00f3n Fiscalizadora de Fecovita quienes, lejos de cumplir con sus deberes de control y fiscalizaci\u00f3n, a pesar de afirmar que as\u00ed lo hicieron, en fecha 10 de Mayo del 2023 aconsejaron a los Delegados de las cooperativas asociadas la aprobaci\u00f3n total en la Asamblea General Ordinaria&#8221;<\/p>\n\n\n\n<p><strong>El fiscal dispuso que Vaieretti, Portera y V\u00e1zquez sigan en libertad mientras avanza la investigaci\u00f3n y ciertas medidas de conducta:<\/strong><\/p>\n\n\n\n<p>1) Fijar y mantener un domicilio real, debiendo notificar a la Fiscal\u00eda sobre cualquier cambio que se realice del mismo.<\/p>\n\n\n\n<p>2) Concurrir a todas las citaciones, salvo por razones de fuerza mayor.<\/p>\n\n\n\n<p>3) Abstenerse de realizar cualquier acto que obstaculice el proceso o ponga en peligro el descubrimiento de la verdad real.<\/p>\n\n\n\n<p><strong>Los contadores del Cuerpo M\u00e9dico Forense tendr\u00e1n un rol determinante<\/strong>\u00a0al momento de asesorar al magistrado acerca de los pormenores de la documentaci\u00f3n y los actos administrativos.<\/p>\n\n\n\n<p><strong>Fuente: www.diariouno.com.ar<\/strong><\/p>\n","protected":false},"excerpt":{"rendered":"<p>Tres s\u00edndicos de\u00a0Fecovita\u00a0fueron imputados por la Fiscal\u00eda de Delitos Econ\u00f3micos y\u00a0se abstuvieron de declarar\u00a0en el caso de los presuntos\u00a0balances falsos. La decisi\u00f3n del&nbsp;fiscal Flavio D\u00b4Amore&nbsp;recay\u00f3 sobre&nbsp;Hilda Vaiaretti, Eugenio Portera y Roberto V\u00e1zquez, quienes fueron notificados en el Polo Judicial en compa\u00f1\u00eda de sus abogados defensores. Se les atribuy\u00f3 el&nbsp;delito&nbsp;de autorizaci\u00f3n, certificaci\u00f3n y publicaci\u00f3n de balances [&hellip;]<\/p>\n","protected":false},"author":2,"featured_media":2253,"comment_status":"open","ping_status":"open","sticky":false,"template":"","format":"standard","meta":[],"categories":[72],"tags":[],"_links":{"self":[{"href":"https:\/\/pasaenmendoza.com\/index.php?rest_route=\/wp\/v2\/posts\/2252"}],"collection":[{"href":"https:\/\/pasaenmendoza.com\/index.php?rest_route=\/wp\/v2\/posts"}],"about":[{"href":"https:\/\/pasaenmendoza.com\/index.php?rest_route=\/wp\/v2\/types\/post"}],"author":[{"embeddable":true,"href":"https:\/\/pasaenmendoza.com\/index.php?rest_route=\/wp\/v2\/users\/2"}],"replies":[{"embeddable":true,"href":"https:\/\/pasaenmendoza.com\/index.php?rest_route=%2Fwp%2Fv2%2Fcomments&post=2252"}],"version-history":[{"count":1,"href":"https:\/\/pasaenmendoza.com\/index.php?rest_route=\/wp\/v2\/posts\/2252\/revisions"}],"predecessor-version":[{"id":2254,"href":"https:\/\/pasaenmendoza.com\/index.php?rest_route=\/wp\/v2\/posts\/2252\/revisions\/2254"}],"wp:featuredmedia":[{"embeddable":true,"href":"https:\/\/pasaenmendoza.com\/index.php?rest_route=\/wp\/v2\/media\/2253"}],"wp:attachment":[{"href":"https:\/\/pasaenmendoza.com\/index.php?rest_route=%2Fwp%2Fv2%2Fmedia&parent=2252"}],"wp:term":[{"taxonomy":"category","embeddable":true,"href":"https:\/\/pasaenmendoza.com\/index.php?rest_route=%2Fwp%2Fv2%2Fcategories&post=2252"},{"taxonomy":"post_tag","embeddable":true,"href":"https:\/\/pasaenmendoza.com\/index.php?rest_route=%2Fwp%2Fv2%2Ftags&post=2252"}],"curies":[{"name":"wp","href":"https:\/\/api.w.org\/{rel}","templated":true}]}}