{"id":2258,"date":"2023-10-17T15:47:12","date_gmt":"2023-10-17T13:47:12","guid":{"rendered":"https:\/\/pasaenmendoza.com\/?p=2258"},"modified":"2023-10-17T15:47:13","modified_gmt":"2023-10-17T13:47:13","slug":"llegaron-a-mendoza-los-8-adolescentes-de-nuestra-provincia-subcampeones-del-mundial-de-robotica","status":"publish","type":"post","link":"https:\/\/pasaenmendoza.com\/?p=2258","title":{"rendered":"Llegaron a Mendoza los 8 adolescentes de nuestra provincia subcampeones del Mundial de Rob\u00f3tica"},"content":{"rendered":"\n<p>Los 8 adolescentes alumnos del Colegio Tom\u00e1s Alva Edison que representaron a todo el pa\u00eds en el\u00a0<strong>Mundial de\u00a0Rob\u00f3tica\u00a0First Global Challenge 2023<\/strong>\u00a0en Singapur, llegaron a Mendoza en la ma\u00f1ana de este lunes luego salir subcampeones en la competencia en la que participaron 191 pa\u00edses del mundo. Fueron recibidos por amigos y familiares que celebraron el gran triunfo de su<strong>\u00a0robot llamado Gauchobot.<\/strong><\/p>\n\n\n\n<p>El equipo est\u00e1 conformado por\u00a0<strong>Nicol\u00e1s Enrique Exp\u00f3sito Marsollier, de 15 a\u00f1os,<\/strong>\u00a0<strong>Sebat\u00edan Mart\u00ednez, de 16 a\u00f1os<\/strong>,\u00a0<strong>Sara Lamagrande, de 15 a\u00f1os, Ignacio Moreno, de 15 a\u00f1os,\u00a0Ger\u00f3nimo Herrera, de 16 a\u00f1os, Luca Cuello, de 15 a\u00f1os,\u00a0Franco Mancini, de 15 a\u00f1os,\u00a0<\/strong>y\u00a0<strong>Mart\u00edn Perello<\/strong>, tambi\u00e9n de 15 a\u00f1os.<\/p>\n\n\n\n<p>Los chicos llegaron a media ma\u00f1ana de este lunes al aeropuerto de El Plumerillo, y en el momento de abrirse las puertas se encontraron con\u00a0<strong>decenas de personas que con los recibieron con los celulares listos para sacar fotos y carteles de bienvenida.<\/strong><\/p>\n\n\n\n<p>Estos adolescentes que<strong>\u00a0representaron a Argentina, idearon, armaron y programaron un kit rob\u00f3tico\u00a0<\/strong>el cual cumpli\u00f3 y realiz\u00f3 tareas espec\u00edficas que le ordenaron durante la competencia en Singapur. Para lograrlo, contaron con la ayuda de la empresa\u00a0<strong>Educabot<\/strong>. Los acompa\u00f1aron tambi\u00e9n, algunos\u00a0<strong>tutores de la UNCuyo y de la Universidad Tecnol\u00f3gica Nacional<\/strong>.<\/p>\n\n\n\n<h2 class=\"wp-block-heading\">Testimonio en primera persona desde Singapur<\/h2>\n\n\n\n<p>&#8220;<strong>Sentimos que representamos a todo un pa\u00eds<\/strong>&#8220;, hab\u00eda expresado\u00a0<strong>Nicol\u00e1s Exp\u00f3sito<\/strong>\u00a0a Radio Nihuil poco despu\u00e9s de saber que hab\u00edan calificado como subcampeones junto con Israel y Hungr\u00eda.<\/p>\n\n\n\n<p>&#8220;<strong>Asumimos que \u00edbamos a representar a un pa\u00eds entero, as\u00ed que le dimos much\u00edsima importancia a esto<\/strong>&#8220;, dijo el muchacho. &#8220;Todas las semanas le met\u00edamos&nbsp;<strong>50 o 60 horas de trabajo<\/strong>, y lo logramos&#8221;, agreg\u00f3.<\/p>\n\n\n\n<p>&#8220;Con este grupo de chicos\u00a0<strong>quedamos en el segundo puesto entre 191 pa\u00edses<\/strong>. El primer d\u00eda fue de presentaci\u00f3n, el segundo fue de partidas en las que te enfrentabas con grupos aleatorios.\u00a0<strong>Los 24 mejores equipos iban a playoffs, que es la etapa final, donde nos toc\u00f3 armar y enfrentar a alianzas de equipos&#8221;, recapitul\u00f3<\/strong>.<\/p>\n\n\n\n<p>&#8220;Tuvimos\u00a0<strong>uno de los mejores robots de toda la competencia<\/strong>. Y lo que hab\u00eda que hacer era cumplir con desaf\u00edos que nos planteaban. Lo m\u00e1s hermoso es poder\u00a0<strong>representar a mi pa\u00eds, a la provincia y a mi colegio<\/strong>&#8220;, insisti\u00f3 el subcampe\u00f3n.<\/p>\n\n\n\n<p><strong>Fuente: www.diariouno.com.ar<\/strong><\/p>\n","protected":false},"excerpt":{"rendered":"<p>Los 8 adolescentes alumnos del Colegio Tom\u00e1s Alva Edison que representaron a todo el pa\u00eds en el\u00a0Mundial de\u00a0Rob\u00f3tica\u00a0First Global Challenge 2023\u00a0en Singapur, llegaron a Mendoza en la ma\u00f1ana de este lunes luego salir subcampeones en la competencia en la que participaron 191 pa\u00edses del mundo. Fueron recibidos por amigos y familiares que celebraron el gran [&hellip;]<\/p>\n","protected":false},"author":2,"featured_media":2259,"comment_status":"open","ping_status":"open","sticky":false,"template":"","format":"standard","meta":[],"categories":[56],"tags":[],"_links":{"self":[{"href":"https:\/\/pasaenmendoza.com\/index.php?rest_route=\/wp\/v2\/posts\/2258"}],"collection":[{"href":"https:\/\/pasaenmendoza.com\/index.php?rest_route=\/wp\/v2\/posts"}],"about":[{"href":"https:\/\/pasaenmendoza.com\/index.php?rest_route=\/wp\/v2\/types\/post"}],"author":[{"embeddable":true,"href":"https:\/\/pasaenmendoza.com\/index.php?rest_route=\/wp\/v2\/users\/2"}],"replies":[{"embeddable":true,"href":"https:\/\/pasaenmendoza.com\/index.php?rest_route=%2Fwp%2Fv2%2Fcomments&post=2258"}],"version-history":[{"count":1,"href":"https:\/\/pasaenmendoza.com\/index.php?rest_route=\/wp\/v2\/posts\/2258\/revisions"}],"predecessor-version":[{"id":2260,"href":"https:\/\/pasaenmendoza.com\/index.php?rest_route=\/wp\/v2\/posts\/2258\/revisions\/2260"}],"wp:featuredmedia":[{"embeddable":true,"href":"https:\/\/pasaenmendoza.com\/index.php?rest_route=\/wp\/v2\/media\/2259"}],"wp:attachment":[{"href":"https:\/\/pasaenmendoza.com\/index.php?rest_route=%2Fwp%2Fv2%2Fmedia&parent=2258"}],"wp:term":[{"taxonomy":"category","embeddable":true,"href":"https:\/\/pasaenmendoza.com\/index.php?rest_route=%2Fwp%2Fv2%2Fcategories&post=2258"},{"taxonomy":"post_tag","embeddable":true,"href":"https:\/\/pasaenmendoza.com\/index.php?rest_route=%2Fwp%2Fv2%2Ftags&post=2258"}],"curies":[{"name":"wp","href":"https:\/\/api.w.org\/{rel}","templated":true}]}}