{"id":2266,"date":"2023-10-18T13:15:02","date_gmt":"2023-10-18T11:15:02","guid":{"rendered":"https:\/\/pasaenmendoza.com\/?p=2266"},"modified":"2023-10-18T13:15:03","modified_gmt":"2023-10-18T11:15:03","slug":"los-ocho-intendentes-electos-que-salen-a-pedir-el-voto-por-sergio-massa","status":"publish","type":"post","link":"https:\/\/pasaenmendoza.com\/?p=2266","title":{"rendered":"Los ocho intendentes electos que salen a pedir el voto por Sergio Massa"},"content":{"rendered":"\n<p>A d\u00edas de las elecciones y luego de su visita a Mendoza, los jefes comunales del PJ m\u00e1s el sancarlino Alejandro Morillas (Uni\u00f3n Popular), usan distintas estrategias para sumar votos para el domingo.<\/p>\n\n\n\n<p>El pr\u00f3ximo domingo es la elecci\u00f3n presidencial y el candidato de Uni\u00f3n por la Patria<strong>\u00a0Sergio Massa<\/strong>, tiene chances de entrar a la segunda vuelta junto al libertario Javier Milei. En Mendoza, las encuestas no le son favorables (quedar\u00eda tercero), pero a diferencia de las PASO (primarias abiertas simult\u00e1neas y obligatorias) del 13 de agosto pasado, los siete\u00a0<strong>intendentes<\/strong>\u00a0electos del peronismo m\u00e1s el sancarlino Alejandro Morillas (Uni\u00f3n Popular) le ponen el cuerpo en la previa. Pedido de\u00a0<strong>voto<\/strong>\u00a0casa por casa, proyectos en conjunto, spots individuales donde dejan claro que invitan a la ciudadan\u00eda que\u00a0<strong>voten\u00a0<\/strong>por el actual ministro de Econom\u00eda. Empujar desde la provincia para que entre a la segunda vuelta, el gran objetivo.<\/p>\n\n\n\n<p>El fugaz paso de\u00a0<strong>Massa\u00a0<\/strong>este viernes por San Rafael\u00a0sirvi\u00f3 especialmente para entusiasmar a los dirigentes afines, quienes ya hab\u00edan conformado una mesa de trabajo, que no s\u00f3lo incluye a peronistas sino tambi\u00e9n a otras fuerzas pol\u00edticas que a pesar de que no confluyen a nivel provincial, se inclinan por Uni\u00f3n por la Patria a nivel nacional. Como Mendoza ya tuvo elecciones provinciales, los<strong>\u00a0intendentes\u00a0<\/strong>que fueron elegidos este a\u00f1o hacen valer sus triunfos tambi\u00e9n para pedir en sus departamentos que la ciudadan\u00eda prefiera a\u00a0<strong>Massa\u00a0<\/strong>en el cuarto oscuro, especialmente para que tenga chances de pelear contra Milei en noviembre en el ballotage.<\/p>\n\n\n\n<p>Es un hecho que en Mendoza est\u00e1 tercero, sin embargo, apuntan a que de esos 17 puntos que sac\u00f3 en las primarias, haya un repunte de al menos algunos puntos que por lo menos lo ubique en 20 o si se puede un poco m\u00e1s, quiz\u00e1 cerca de 22\u00a0como indican como techo los sondeos previos. Para eso, las estrategias son m\u00faltiples. Por ejemplo,\u00a0este lunes feriado por la ma\u00f1ana, presentaron un\u00a0proyecto conjunto\u00a0los\u00a0<strong>intendentes<\/strong>\u00a0electos y los salientes de Tunuy\u00e1n y San Carlos,que son de diferentes partidos pero los une\u00a0<strong>Massa.\u00a0<\/strong>En ese sentido, los peronistas Mart\u00edn Aveiro (jefe comunal saliente de Tunuy\u00e1n y candidato a diputado nacional en primer t\u00e9rmino) y Emir Andraos (intendente electo de esa comuna quien asumir\u00e1 en diciembre) se juntaron con sus pares de San Carlos, Rolando Scanio (saliente), Alejandro Morillas (intendente electo) y adem\u00e1s con el diputado provincial y exjefe comunal Jorge Difonso (los tres integran Uni\u00f3n Popular) y presentaron una iniciativa y se tomaron una foto.<\/p>\n\n\n\n<p>El proyecto apunta a que exista una oficina para fines comerciales y tur\u00edsticos del Valle de Uco en las embajadas argentinas de Chile y Brasil. Pero para eso, no hay que cortar v\u00ednculos con esos pa\u00edses como quiere Milei sino que fortalecerlos, como apunta\u00a0<strong>Massa<\/strong>. De hecho a San Rafael, el candidato presidencial lleg\u00f3 junto a Daniel Scioli, embajador argentino en Brasil.\u00a0<\/p>\n\n\n\n<p>Mat\u00edas Stevanato, el\u00a0<strong>intendente<\/strong>\u00a0maipucino que fue reelecto por m\u00e1s del 50% de los<strong>\u00a0votos<\/strong>\u00a0tambi\u00e9n est\u00e1 militando muy fuerte por\u00a0<strong>Massa<\/strong>, con quien, como Difonso, tiene una amistad. De hecho, es protagonista junto a la presidenta del PJ Flor Dest\u00e9fanis (e intendenta de Santa Rosa), de Emir Felix (intendente de San Rafael) y Gabriela Lizana (la referente massista en Mendoza y diputada electa) de la mesa que se ha formado para militarlo. En ese sentido,\u00a0<strong>Massa\u00a0<\/strong>en su paso por Mendoza grab\u00f3 un spot donde pide a Maip\u00fa que le den la posibilidad de ser presidente y trabajar junto a Stevanato para el departamento.\u00a0<\/p>\n\n\n\n<p>En el Este, Flor Dest\u00e9fanis y el intendente pace\u00f1o recientemente electo Fernando Ubieta, como hicieron en las primarias son ac\u00e9rrimos militantes de<strong>\u00a0Massa.<\/strong>\u00a0La Paz fue el \u00fanico departamento mendocino donde en las PASO,\u00a0<strong>Massa<\/strong>\u00a0sali\u00f3 primero. Ahora, Dest\u00e9fanis grab\u00f3 una divertida entrevista donde habla entre otras cosas, por qu\u00e9 prefiere que el ministro de Econom\u00eda sea el pr\u00f3ximo presidente y todo lo que hizo el Gobierno nacional por Santa Rosa &#8220;en treinta segundos&#8221;.<\/p>\n\n\n\n<p>El malarg\u00fcino Celso Jaque quien le gan\u00f3 la intendencia al radical Juan Manuel Ojeda va casa por casa pidiendo el\u00a0<strong>voto<\/strong>\u00a0por<strong>\u00a0Massa<\/strong>. Como lo hizo con N\u00e9stor Kirchner en 2003 cuando tambi\u00e9n era intendente de Malarg\u00fce,\u00a0vuelve a mostrar su fidelidad al proyecto que el peronismo impulsa a nivel nacional. Sin eufemismos, y diariamente, milita\u00a0en su departamento para que haya un respaldo popular a\u00a0<strong>Massa<\/strong>.\u00a0<\/p>\n\n\n\n<p>Emir y Omar F\u00e9lix,\u00a0<strong>intendente<\/strong>\u00a0saliente y entrante del populoso San Rafael fueron los anfitriones de<strong>\u00a0Massa<\/strong>\u00a0el viernes y est\u00e1n moviendo su estructura pol\u00edtica para sumarle\u00a0<strong>votos<\/strong>. En tanto que en Lavalle aunque el intendente electo Edgardo Gonz\u00e1lez est\u00e1 alejado de quien se va Roberto Righi (que se pas\u00f3 en las elecciones locales a La Uni\u00f3n Mendocina) se encontraron en la mesa de dirigentes que pide a\u00a0<strong>Massa<\/strong>\u00a0como presidente y ambos lo respaldan.<\/p>\n\n\n\n<p>FUENTE: Mdzonline.<\/p>\n","protected":false},"excerpt":{"rendered":"<p>A d\u00edas de las elecciones y luego de su visita a Mendoza, los jefes comunales del PJ m\u00e1s el sancarlino Alejandro Morillas (Uni\u00f3n Popular), usan distintas estrategias para sumar votos para el domingo. El pr\u00f3ximo domingo es la elecci\u00f3n presidencial y el candidato de Uni\u00f3n por la Patria\u00a0Sergio Massa, tiene chances de entrar a la [&hellip;]<\/p>\n","protected":false},"author":2,"featured_media":2267,"comment_status":"open","ping_status":"open","sticky":true,"template":"","format":"standard","meta":[],"categories":[47],"tags":[],"_links":{"self":[{"href":"https:\/\/pasaenmendoza.com\/index.php?rest_route=\/wp\/v2\/posts\/2266"}],"collection":[{"href":"https:\/\/pasaenmendoza.com\/index.php?rest_route=\/wp\/v2\/posts"}],"about":[{"href":"https:\/\/pasaenmendoza.com\/index.php?rest_route=\/wp\/v2\/types\/post"}],"author":[{"embeddable":true,"href":"https:\/\/pasaenmendoza.com\/index.php?rest_route=\/wp\/v2\/users\/2"}],"replies":[{"embeddable":true,"href":"https:\/\/pasaenmendoza.com\/index.php?rest_route=%2Fwp%2Fv2%2Fcomments&post=2266"}],"version-history":[{"count":1,"href":"https:\/\/pasaenmendoza.com\/index.php?rest_route=\/wp\/v2\/posts\/2266\/revisions"}],"predecessor-version":[{"id":2268,"href":"https:\/\/pasaenmendoza.com\/index.php?rest_route=\/wp\/v2\/posts\/2266\/revisions\/2268"}],"wp:featuredmedia":[{"embeddable":true,"href":"https:\/\/pasaenmendoza.com\/index.php?rest_route=\/wp\/v2\/media\/2267"}],"wp:attachment":[{"href":"https:\/\/pasaenmendoza.com\/index.php?rest_route=%2Fwp%2Fv2%2Fmedia&parent=2266"}],"wp:term":[{"taxonomy":"category","embeddable":true,"href":"https:\/\/pasaenmendoza.com\/index.php?rest_route=%2Fwp%2Fv2%2Fcategories&post=2266"},{"taxonomy":"post_tag","embeddable":true,"href":"https:\/\/pasaenmendoza.com\/index.php?rest_route=%2Fwp%2Fv2%2Ftags&post=2266"}],"curies":[{"name":"wp","href":"https:\/\/api.w.org\/{rel}","templated":true}]}}