{"id":2269,"date":"2023-10-18T13:19:06","date_gmt":"2023-10-18T11:19:06","guid":{"rendered":"https:\/\/pasaenmendoza.com\/?p=2269"},"modified":"2023-10-18T13:19:07","modified_gmt":"2023-10-18T11:19:07","slug":"bullrich-cerro-en-mendoza-con-fuertes-criticas-al-kirchnerismo","status":"publish","type":"post","link":"https:\/\/pasaenmendoza.com\/?p=2269","title":{"rendered":"Bullrich cerr\u00f3 en Mendoza con fuertes cr\u00edticas al kirchnerismo"},"content":{"rendered":"\n<p>La candidata a presidenta se rode\u00f3 de su compa\u00f1ero de f\u00f3rmula, Luis Petri, Alfredo Cornejo y los electos mandatarios de San Juan y San Luis.<\/p>\n\n\n\n<p>Ante unas 600 personas, aproximadamente, la candidata a presidenta&nbsp;<strong>Patricia Bullrich<\/strong>&nbsp;en&nbsp;<strong>Juntos por el Cambio<\/strong>&nbsp;tuvo su acto de cierre en esta provincia rodeada por las figuras de&nbsp;<strong>Cambia Mendoza<\/strong>&nbsp;y de dos gobernadores electos,&nbsp;<strong>Claudio Poggi<\/strong>&nbsp;-San Luis- y&nbsp;<strong>Marcelo Orrego<\/strong>&nbsp;-San Juan-, en un acto que el oficialismo arm\u00f3 en el Parque O\u00b4Higgins.<\/p>\n\n\n\n<p>Tambi\u00e9n estuvieron presentes, el gobernador Rodolfo Suarez, los mandatarios electos Alfredo Cornejo, Hebe Casado, y la mayor\u00eda de los intendentes de Cambia Mendoza. En tanto, el senador nacional Julio Cobos lleg\u00f3 minutos despu\u00e9s del comienzo del acto.<\/p>\n\n\n\n<p>En los minutos previos, Bullrich asegur\u00f3 que de llegar a la presidencia su gabinete tendr\u00e1 presencia federal, es decir, con ministros oriundos de Mendoza y San Juan.<\/p>\n\n\n\n<p>\u201c<em>Es muy importante que sea un gabinete verdaderamente federal, que las econom\u00edas regionales se vean como centrales. Todo lo que hace a la producci\u00f3n, las experiencias en seguridad y en la educaci\u00f3n<\/em>\u201c, sostuvo, pero si bien agreg\u00f3 que habl\u00f3 con Alfredo Cornejo adelant\u00f3 que \u201c<em>lo vamos a discutir<\/em>\u201d en su momento.<\/p>\n\n\n\n<p>La ex ministra de Seguridad tambi\u00e9n se refiri\u00f3 al escenario que se ha configurado para el domingo. \u201c<em>Los candidatos estamos sin informaci\u00f3n. Las encuestadoras no le fue bien en la anterior elecci\u00f3n. Tenemos una sensaci\u00f3n que nos transmiten los dirigentes en todo el pa\u00eds: JxC est\u00e1 muy fuerte, ha crecido mucho y tiene una buena performance<\/em>\u201c, explic\u00f3.<\/p>\n\n\n\n<p>\u201c<em>Todos partimos del resultado de las PASO, salimos segundos y ahora aspiramos a salir primero<\/em>\u201c, sintetiz\u00f3, aunque tambi\u00e9n se\u00f1al\u00f3 que \u201c<em>me da lo mismo<\/em>\u201d competir en un potencial balotaje contra sus rivales, si&nbsp;<strong>Sergio Massa<\/strong>&nbsp;o<strong>&nbsp;Javier Milei<\/strong>.<\/p>\n\n\n\n<p>Luego sobrevino el acto con los discursos de trinchera. El primero fue\u00a0<strong>Alfredo Cornejo<\/strong>, quien tiene expectativas sobre qui\u00e9n ser\u00e1 el presidente que le toque para sus pr\u00f3ximos 4 a\u00f1os.<\/p>\n\n\n\n<p>Posteriormente tom\u00f3 el micr\u00f3fono el compa\u00f1ero de f\u00f3rmula de Bullrich, el mendocino\u00a0<strong>Luis Petri:<\/strong>\u00a0\u201c<em>Mendoza es una zona libre de kirchnerismo<\/em>\u201c, puntualiz\u00f3 de manera categ\u00f3rica.<\/p>\n\n\n\n<p>No menos fuerte fueron las sentencias que dej\u00f3 la propia Bullrich, quien record\u00f3 su pregunta a Massa durante el debate.<\/p>\n\n\n\n<h2 class=\"wp-block-heading\" id=\"h-quita-de-subsidios-y-chicana-a-massa\">Quita de subsidios y chicana a Massa<\/h2>\n\n\n\n<p>Bullrich tambi\u00e9n se expres\u00f3 sobre la pol\u00e9mica que caus\u00f3 el proyecto impulsado por el ministro de Econom\u00eda y candidato a presidente, Sergio Massa, en el cual las personas pueden renunciar voluntariamente al subsidio del boleto de colectivo y pagar la tarifa plena.<\/p>\n\n\n\n<p><em>\u201cEn vez de pensar una matriz de racionalidad de las tarifas y de los subsidios en todo el pa\u00eds, porque no est\u00e1n distribuidos de la misma manera. Hay provincias que pagan la electricidad m\u00e1s cara que otras. Te hace decidir a vos si vas o no a dejar de subsidiarte. No es serio, es el ministro de Econom\u00eda y el candidato a presidente\u201d<\/em>, se\u00f1al\u00f3 la exministra de Seguridad.<\/p>\n\n\n\n<p>En este sentido, Bullrich agreg\u00f3 que \u201c<em>es mentira que se subsidie a la gente<\/em>\u201d porque, en realidad, el dinero que pone el estado \u201cv<em>a a las empresas y no a las tarjetas de los usuarios\u201d<\/em>.<\/p>\n\n\n\n<p>Cornejo se\u00f1al\u00f3 la situaci\u00f3n que se vive en Mendoza en relaci\u00f3n con el boleto de colectivo y asegur\u00f3 que \u201c<em>no s\u00f3lo el subsidio de la Naci\u00f3n a Mendoza es m\u00ednimo<\/em>\u201c, sino que tambi\u00e9n \u201c<em>no lo pagan desde mayo<\/em>\u201c.<\/p>\n\n\n\n<p><em>\u201cEn Mendoza la Naci\u00f3n subsidia a las empresas en un monto mucho menor al que lo hace en AMBA, y encima desde mayo no lo paga por m\u00e1s de 6.000 millones de pesos. Si tiene alg\u00fan inter\u00e9s de tomar decisiones, que no prometa a futuro y resuelva el presente\u201d<\/em>, sentenci\u00f3 el gobernador electo.<\/p>\n\n\n\n<p>fuente: elsol.com.ar<\/p>\n","protected":false},"excerpt":{"rendered":"<p>La candidata a presidenta se rode\u00f3 de su compa\u00f1ero de f\u00f3rmula, Luis Petri, Alfredo Cornejo y los electos mandatarios de San Juan y San Luis. Ante unas 600 personas, aproximadamente, la candidata a presidenta&nbsp;Patricia Bullrich&nbsp;en&nbsp;Juntos por el Cambio&nbsp;tuvo su acto de cierre en esta provincia rodeada por las figuras de&nbsp;Cambia Mendoza&nbsp;y de dos gobernadores electos,&nbsp;Claudio [&hellip;]<\/p>\n","protected":false},"author":2,"featured_media":2270,"comment_status":"open","ping_status":"open","sticky":true,"template":"","format":"standard","meta":[],"categories":[47],"tags":[],"_links":{"self":[{"href":"https:\/\/pasaenmendoza.com\/index.php?rest_route=\/wp\/v2\/posts\/2269"}],"collection":[{"href":"https:\/\/pasaenmendoza.com\/index.php?rest_route=\/wp\/v2\/posts"}],"about":[{"href":"https:\/\/pasaenmendoza.com\/index.php?rest_route=\/wp\/v2\/types\/post"}],"author":[{"embeddable":true,"href":"https:\/\/pasaenmendoza.com\/index.php?rest_route=\/wp\/v2\/users\/2"}],"replies":[{"embeddable":true,"href":"https:\/\/pasaenmendoza.com\/index.php?rest_route=%2Fwp%2Fv2%2Fcomments&post=2269"}],"version-history":[{"count":1,"href":"https:\/\/pasaenmendoza.com\/index.php?rest_route=\/wp\/v2\/posts\/2269\/revisions"}],"predecessor-version":[{"id":2271,"href":"https:\/\/pasaenmendoza.com\/index.php?rest_route=\/wp\/v2\/posts\/2269\/revisions\/2271"}],"wp:featuredmedia":[{"embeddable":true,"href":"https:\/\/pasaenmendoza.com\/index.php?rest_route=\/wp\/v2\/media\/2270"}],"wp:attachment":[{"href":"https:\/\/pasaenmendoza.com\/index.php?rest_route=%2Fwp%2Fv2%2Fmedia&parent=2269"}],"wp:term":[{"taxonomy":"category","embeddable":true,"href":"https:\/\/pasaenmendoza.com\/index.php?rest_route=%2Fwp%2Fv2%2Fcategories&post=2269"},{"taxonomy":"post_tag","embeddable":true,"href":"https:\/\/pasaenmendoza.com\/index.php?rest_route=%2Fwp%2Fv2%2Ftags&post=2269"}],"curies":[{"name":"wp","href":"https:\/\/api.w.org\/{rel}","templated":true}]}}