{"id":2275,"date":"2023-10-18T13:31:38","date_gmt":"2023-10-18T11:31:38","guid":{"rendered":"https:\/\/pasaenmendoza.com\/?p=2275"},"modified":"2023-10-18T13:31:39","modified_gmt":"2023-10-18T11:31:39","slug":"todos-los-peronistas-que-desdoblaron-y-se-traicionaron-festejaron-la-lealtad","status":"publish","type":"post","link":"https:\/\/pasaenmendoza.com\/?p=2275","title":{"rendered":"Todos los peronistas que desdoblaron y se traicionaron, festejaron la &#8220;lealtad&#8221;"},"content":{"rendered":"\n<p>El peronismo no se apoy\u00f3 a s\u00ed mismo y se vio en los resultados registrados en elecciones provinciales y en las de Mendoza. Sin embargo, sigue porfiando con celebrar el &#8220;D\u00eda de la Lealtad&#8221;, una jornada que ya resulta excepcional a la regla.<\/p>\n\n\n\n<p>En primer lugar,&nbsp;<strong>las provincias que dejaron solo al peronismo a nivel nacional y desdoblaron<\/strong>, para elegir antes a sus gobernadores y tratar de mantenerse en el poder por desconfianza (y siendo desleales) a las chances que tenga el domingo pr\u00f3ximo el gobierno nacional de ser virtualmente reelegido.<\/p>\n\n\n\n<p>Otro momento de deslealtad nacional fue que este a\u00f1o, aunque haya quedado en el olvido, eligi\u00f3 a un candidato presidencial como\u00a0<strong>Wado de Pedro acompa\u00f1ado por Juan Manzur primero, y lo cambi\u00f3 por Sergio Massa con Agust\u00edn Rossi en menos de 24 horas.<\/strong><\/p>\n\n\n\n<p><strong>La lealtad peronista se fue cayendo a pedazos poco a poco con los gobiernos de San Juan, San Luis, Chaco, Santa Cruz y Chubut.<\/strong><\/p>\n\n\n\n<p>En Mendoza el show de deslealtades tiene muchos actos registrados a lo largo del a\u00f1o.<\/p>\n\n\n\n<p>Uno de ellos fue el\u00a0<strong>&#8220;peronismo blue&#8221;<\/strong>, con el pase a La Uni\u00f3n Mendocina del exmacrista Omar De Marchi de dirigentes que llegaron desde el\u00a0<strong>carac\u00fa del peronismo<\/strong>\u00a0local, como son\u00a0<strong>los sindicatos, algunos intendentes, adem\u00e1s del lafallismo residual<\/strong>\u00a0y otros que quedaron boyando despu\u00e9s de m\u00e1s de una docena de derrotas en Mendoza. Perdieron.<\/p>\n\n\n\n<p>Puertas adentro del partido que tiene un&nbsp;<strong>D\u00eda de la Lealtad<\/strong>&nbsp;la situaci\u00f3n no pudo ser m\u00e1s ir\u00f3nica con la conmemoraci\u00f3n: primero, hicieron alarde de una inusitada vocaci\u00f3n &#8220;democr\u00e1tica&#8221; al partirse en cuatro listas para las Primarias por la Gobernaci\u00f3n (las PASO) y&nbsp;<strong>al que gan\u00f3, no lo apoyaron<\/strong>, por lo que consigui\u00f3 el peor resultado de la historia para un peronista.<\/p>\n\n\n\n<p>Ni hablar del&nbsp;<strong>&#8220;peronismo swinger&#8221; que se mostr\u00f3 con unos y con otros, desconfigur\u00e1ndose como opci\u00f3n pol\u00edtica<\/strong>, protagonizado por intendentes que n<strong>o dijeron &#8220;esta boca es m\u00eda&#8221; a la hora de apoyar a Omar Parisi y Lucas Ilardo&nbsp;<\/strong>como f\u00f3rmula gubernativa, y hasta con su posicionamiento ante el gobierno nacional y sus candidatos, que hasta hizo suspender la visita de Massa al Gran Mendoza, que lo llev\u00f3 a refugiarse en territorio m\u00e1s leal, en San Rafael.<\/p>\n\n\n\n<p>As\u00ed y todo,\u00a0<strong>se celebr\u00f3 la &#8220;lealtad peronista&#8221;<\/strong>, como si nada. Hay fotos y tuiteos conmemorativos (ni Parisi ni Ilardo se animaron a decir lo que sienten en las redes).<\/p>\n\n\n\n<p>FUENTE: memo.com.ar<\/p>\n","protected":false},"excerpt":{"rendered":"<p>El peronismo no se apoy\u00f3 a s\u00ed mismo y se vio en los resultados registrados en elecciones provinciales y en las de Mendoza. Sin embargo, sigue porfiando con celebrar el &#8220;D\u00eda de la Lealtad&#8221;, una jornada que ya resulta excepcional a la regla. En primer lugar,&nbsp;las provincias que dejaron solo al peronismo a nivel nacional [&hellip;]<\/p>\n","protected":false},"author":2,"featured_media":2276,"comment_status":"open","ping_status":"open","sticky":true,"template":"","format":"standard","meta":[],"categories":[47],"tags":[],"_links":{"self":[{"href":"https:\/\/pasaenmendoza.com\/index.php?rest_route=\/wp\/v2\/posts\/2275"}],"collection":[{"href":"https:\/\/pasaenmendoza.com\/index.php?rest_route=\/wp\/v2\/posts"}],"about":[{"href":"https:\/\/pasaenmendoza.com\/index.php?rest_route=\/wp\/v2\/types\/post"}],"author":[{"embeddable":true,"href":"https:\/\/pasaenmendoza.com\/index.php?rest_route=\/wp\/v2\/users\/2"}],"replies":[{"embeddable":true,"href":"https:\/\/pasaenmendoza.com\/index.php?rest_route=%2Fwp%2Fv2%2Fcomments&post=2275"}],"version-history":[{"count":1,"href":"https:\/\/pasaenmendoza.com\/index.php?rest_route=\/wp\/v2\/posts\/2275\/revisions"}],"predecessor-version":[{"id":2277,"href":"https:\/\/pasaenmendoza.com\/index.php?rest_route=\/wp\/v2\/posts\/2275\/revisions\/2277"}],"wp:featuredmedia":[{"embeddable":true,"href":"https:\/\/pasaenmendoza.com\/index.php?rest_route=\/wp\/v2\/media\/2276"}],"wp:attachment":[{"href":"https:\/\/pasaenmendoza.com\/index.php?rest_route=%2Fwp%2Fv2%2Fmedia&parent=2275"}],"wp:term":[{"taxonomy":"category","embeddable":true,"href":"https:\/\/pasaenmendoza.com\/index.php?rest_route=%2Fwp%2Fv2%2Fcategories&post=2275"},{"taxonomy":"post_tag","embeddable":true,"href":"https:\/\/pasaenmendoza.com\/index.php?rest_route=%2Fwp%2Fv2%2Ftags&post=2275"}],"curies":[{"name":"wp","href":"https:\/\/api.w.org\/{rel}","templated":true}]}}